{"id":19453,"date":"2017-02-05T18:22:24","date_gmt":"2017-02-05T17:22:24","guid":{"rendered":"http:\/\/fegrama.cat\/web\/?p=19453"},"modified":"2017-02-05T18:22:24","modified_gmt":"2017-02-05T17:22:24","slug":"sense-premi-a-horta-per-al-juvenil-a","status":"publish","type":"post","link":"http:\/\/fegrama.cat\/web\/sense-premi-a-horta-per-al-juvenil-a\/","title":{"rendered":"Sense premi a Horta per al Juvenil A"},"content":{"rendered":"<p>El futbol va ser injust amb la Grama, el dissabte van fer m\u00e8rits per puntuar al camp del l\u00edder per\u00f2 en l&#8217;\u00faltim instant el CF Damm C es va endur la vict\u00f2ria. El conjunt de Christian Algar va rendir a un nivell molt alt, sobretot en la parcel\u00b7la defensiva, i va arribar a posar-se per davant en el marcador.<\/p>\n<p>Els visitants van avisar amb un bon intent de Kenneth en els primers compassos del partit. La Fundaci\u00f3 va saltar a la gespa pressionant al rival, sense deixar espais, i molt atents a les ajudes. Al quart d&#8217;hora Marcos Sevilla recollia dins l&#8217;\u00e0rea una pilota per fer el 0-1. Els colomencs robaven la pilota i formaven r\u00e0pidament l&#8217;atac, aconseguint d&#8217;aquesta manera no patir i donant la sensaci\u00f3 que arribaria el segon.<\/p>\n<p>Al minut 25 arribaria el primer acostament perill\u00f3s de la Damm amb una pilota penjada de falta que es va passejar per l&#8217;\u00e0rea sense trobar rematador. Marek amb un xut lluny\u00e0 va provar al porter quan el seu equip estrenyia i va aconseguir tancar als locals en la seva \u00e0rea amb diversos c\u00f3rners. Els \u00faltims cinc minuts abans de la mitja part van ser un empenta vermella frenada per la defensa blava.<\/p>\n<p>A la segona meitat els locals van saltar prement a la recerca de l&#8217;empat i en el 53 es van trobar amb la sort del seu costat. L&#8217;\u00e0rbitre que a la primera part no va assenyalar un clar penal ara xiulava un inexistent de Mart\u00ed. Des del punt fat\u00eddic arribaria l&#8217;1-1, Alex Vega endevinaria la intenci\u00f3 del llan\u00e7ador per\u00f2 no podria aturar-ho.<\/p>\n<p>La Damm va anar a la recerca del segon per\u00f2 es toparia constantment amb una molt segura defensa blava, \u200b\u200btots els jugadors treballant, ajudant-se i sortint junts al contraatac. Vega tan sols va haver de sortir un parell de vegades per evitar l&#8217;1 contra 1. Quan m\u00e9s a prop semblava l&#8217;empat va arribar la clatellada. A pilota parada arribaria el 2-1, servei de falta i dos jugadors sols dins l&#8217;\u00e0rea en una fallada de marcatge que costava el gol al minut 91.<\/p>\n<p style=\"text-align: right;\"><strong>FOTOS DEL PARTIT &#8212;<\/strong>&gt;\u00a0<a href=\"https:\/\/goo.gl\/photos\/KjVC883WgCnRqvyE9\" target=\"_blank\">https:\/\/goo.gl\/photos\/KjVC883WgCnRqvyE9<\/a><\/p>\n<p style=\"text-align: center;\"><a href=\"http:\/\/fegrama.cat\/web\/wp-content\/uploads\/2017\/02\/11juvAdamm.jpg\"><img loading=\"lazy\" decoding=\"async\" class=\"aligncenter  wp-image-19455\" alt=\"11juvAdamm\" src=\"http:\/\/fegrama.cat\/web\/wp-content\/uploads\/2017\/02\/11juvAdamm.jpg\" width=\"640\" height=\"480\" srcset=\"http:\/\/fegrama.cat\/web\/wp-content\/uploads\/2017\/02\/11juvAdamm.jpg 800w, http:\/\/fegrama.cat\/web\/wp-content\/uploads\/2017\/02\/11juvAdamm-300x225.jpg 300w\" sizes=\"auto, (max-width: 640px) 100vw, 640px\" \/><\/a><\/p>\n<p>El f\u00fatbol fue injusto con la Grama, el s\u00e1bado hicieron m\u00e9ritos para puntuar en el campo del l\u00edder pero en el \u00faltimo instante el CF Damm C se llev\u00f3 la victoria. El conjunto de Christian Algar rindi\u00f3 a un nivel muy alto, sobretodo en la parcela defensiva, y lleg\u00f3 a ponerse por delante en el marcador.<\/p>\n<p>Los visitantes avisaron con un buen intento de Kenneth en los primeros compases del partido. La Fundaci\u00f3 salt\u00f3 al c\u00e9sped presionando al rival, sin dejar espacios, y muy atentos en las ayudas. Al cuarto de hora Marcos Sevilla recog\u00eda dentro del \u00e1rea un bal\u00f3n para hacer el 0-1. Los colomenses robaban la pelota y formaban r\u00e1pidamente el ataque, logrando de esta manera no sufrir y dando la sensaci\u00f3n de que llegar\u00eda el segundo.<\/p>\n<p>En el minuto 25 llegar\u00eda el primer acercamiento peligroso de la Damm con un bal\u00f3n colgado de falta que se pase\u00f3 por el \u00e1rea sin encontrar rematador. Marek con un disparo lejano prob\u00f3 al portero cuando su equipo apretaba y consigui\u00f3 encerrar a los locales en su \u00e1rea con varios c\u00f3rners. Los \u00faltimos cinco minutos antes de la media parte fueron un arre\u00f3n rojo frenado por la defensa azulona.<\/p>\n<p>En la segunda mitad los locales saltaron apretando en busca del empate y en el 53 se encontraron con la suerte de su lado. El \u00e1rbitro que en la primera parte no se\u00f1al\u00f3 un claro penalti ahora pitaba uno inexistente de Mart\u00ed. Desde el punto fat\u00eddico llegar\u00eda el 1-1, Alex Vega adivinar\u00eda la intenci\u00f3n del lanzador pero no podr\u00eda pararlo.<\/p>\n<p>La Damm fue en busca del segundo pero se topar\u00eda constantemente con una muy segura defensa azulona, todos los jugadores trabajando, ayud\u00e1ndose y saliendo juntos al contraataque. Vega tan s\u00f3lo tuvo que salir un par de veces para evitar el 1 contra 1. Cuando m\u00e1s cerca parec\u00eda el empate lleg\u00f3 el mazazo.\u00a0A bal\u00f3n parado llegar\u00eda el 2-1, saque de falta y dos jugadores solos dentro del \u00e1rea en un fallo de marcaje que costaba el gol en el minuto 91.<\/p>\n","protected":false},"excerpt":{"rendered":"<p>El futbol va ser injust amb la Grama, el dissabte van fer m\u00e8rits per puntuar al camp del l\u00edder per\u00f2 en l&#8217;\u00faltim instant el CF Damm C es va endur la vict\u00f2ria. El conjunt de Christian Algar va rendir a un nivell molt alt, sobretot en la parcel\u00b7la defensiva, i va arribar a posar-se per [&hellip;]<\/p>\n","protected":false},"author":1,"featured_media":19455,"comment_status":"closed","ping_status":"closed","sticky":false,"template":"","format":"standard","meta":{"footnotes":""},"categories":[4,6],"tags":[],"class_list":["post-19453","post","type-post","status-publish","format-standard","has-post-thumbnail","hentry","category-base-inclusiu","category-juvenils"],"_links":{"self":[{"href":"http:\/\/fegrama.cat\/web\/wp-json\/wp\/v2\/posts\/19453","targetHints":{"allow":["GET"]}}],"collection":[{"href":"http:\/\/fegrama.cat\/web\/wp-json\/wp\/v2\/posts"}],"about":[{"href":"http:\/\/fegrama.cat\/web\/wp-json\/wp\/v2\/types\/post"}],"author":[{"embeddable":true,"href":"http:\/\/fegrama.cat\/web\/wp-json\/wp\/v2\/users\/1"}],"replies":[{"embeddable":true,"href":"http:\/\/fegrama.cat\/web\/wp-json\/wp\/v2\/comments?post=19453"}],"version-history":[{"count":2,"href":"http:\/\/fegrama.cat\/web\/wp-json\/wp\/v2\/posts\/19453\/revisions"}],"predecessor-version":[{"id":19456,"href":"http:\/\/fegrama.cat\/web\/wp-json\/wp\/v2\/posts\/19453\/revisions\/19456"}],"wp:featuredmedia":[{"embeddable":true,"href":"http:\/\/fegrama.cat\/web\/wp-json\/wp\/v2\/media\/19455"}],"wp:attachment":[{"href":"http:\/\/fegrama.cat\/web\/wp-json\/wp\/v2\/media?parent=19453"}],"wp:term":[{"taxonomy":"category","embeddable":true,"href":"http:\/\/fegrama.cat\/web\/wp-json\/wp\/v2\/categories?post=19453"},{"taxonomy":"post_tag","embeddable":true,"href":"http:\/\/fegrama.cat\/web\/wp-json\/wp\/v2\/tags?post=19453"}],"curies":[{"name":"wp","href":"https:\/\/api.w.org\/{rel}","templated":true}]}}