{"id":19007,"date":"2017-01-09T09:55:58","date_gmt":"2017-01-09T08:55:58","guid":{"rendered":"http:\/\/fegrama.cat\/web\/?p=19007"},"modified":"2017-01-09T09:55:58","modified_gmt":"2017-01-09T08:55:58","slug":"empat-al-municipal-can-jofresa-de-lalevi-c","status":"publish","type":"post","link":"http:\/\/fegrama.cat\/web\/empat-al-municipal-can-jofresa-de-lalevi-c\/","title":{"rendered":"Empat al Municipal Can Jofresa de l&#8217;Alev\u00ed C"},"content":{"rendered":"<p>L&#8217;Alev\u00ed C va arrencar l&#8217;any amb un empat (2-2) davant la Uni\u00f3 Futbol Base Jabac i Terrassa C.<\/p>\n<p>La Grama sempre va anar per davant al marcador, primer 0-1 amb gol de Jos\u00e9 Del Rio i despr\u00e9s 1-2 amb el gol d&#8217;Isaac Requena. El control i les millors ocasions del partit les van tenir els jugadors visitants que van mer\u00e8ixer la vict\u00f2ria. Molt bon partit de tot l&#8217;equip, amb una miqueta de m\u00e9s encert s&#8217;haguessin endut els tres punts, l&#8217;empat deixa una mica de mal gust de boca.<\/p>\n<p>Finalment el repartiment de punts \u00e9s bo per comen\u00e7ar l&#8217;any sumant.<\/p>\n<p><img loading=\"lazy\" decoding=\"async\" class=\"aligncenter\" alt=\"IMG-20161015-WA0011\" src=\"http:\/\/fegrama.cat\/web\/wp-content\/uploads\/2016\/10\/IMG-20161015-WA0011.jpg\" width=\"717\" height=\"403\" \/><\/p>\n<p>El Alev\u00edn C arranc\u00f3 el a\u00f1o con un empate (2-2) ante la Uni\u00f3 Futbol Base Jabac i Terrassa C.<\/p>\n<p>La Grama siempre fue por delante en el marcador, primero 0-1 con gol de Jos\u00e9 Del Rio y despu\u00e9s 1-2 con el gol de Isaac Requena. El control y las mejores ocasiones del partido las tuvieron los jugadores visitantes que merecieron la victoria. Muy buen partido de todo el equipo, con un poquito de m\u00e1s acierto se hubieran llevado los tres puntos, el empate deja un poco de mal sabor de boca.<\/p>\n<p>Finalmente el reparto de puntos es bueno para empezar el a\u00f1o sumando.<\/p>\n","protected":false},"excerpt":{"rendered":"<p>L&#8217;Alev\u00ed C va arrencar l&#8217;any amb un empat (2-2) davant la Uni\u00f3 Futbol Base Jabac i Terrassa C. La Grama sempre va anar per davant al marcador, primer 0-1 amb gol de Jos\u00e9 Del Rio i despr\u00e9s 1-2 amb el gol d&#8217;Isaac Requena. El control i les millors ocasions del partit les van tenir els [&hellip;]<\/p>\n","protected":false},"author":1,"featured_media":0,"comment_status":"closed","ping_status":"closed","sticky":false,"template":"","format":"standard","meta":{"footnotes":""},"categories":[10,4],"tags":[24],"class_list":["post-19007","post","type-post","status-publish","format-standard","hentry","category-alevins","category-base-inclusiu","tag-fundacio-esportiva-grama"],"_links":{"self":[{"href":"http:\/\/fegrama.cat\/web\/wp-json\/wp\/v2\/posts\/19007","targetHints":{"allow":["GET"]}}],"collection":[{"href":"http:\/\/fegrama.cat\/web\/wp-json\/wp\/v2\/posts"}],"about":[{"href":"http:\/\/fegrama.cat\/web\/wp-json\/wp\/v2\/types\/post"}],"author":[{"embeddable":true,"href":"http:\/\/fegrama.cat\/web\/wp-json\/wp\/v2\/users\/1"}],"replies":[{"embeddable":true,"href":"http:\/\/fegrama.cat\/web\/wp-json\/wp\/v2\/comments?post=19007"}],"version-history":[{"count":1,"href":"http:\/\/fegrama.cat\/web\/wp-json\/wp\/v2\/posts\/19007\/revisions"}],"predecessor-version":[{"id":19008,"href":"http:\/\/fegrama.cat\/web\/wp-json\/wp\/v2\/posts\/19007\/revisions\/19008"}],"wp:attachment":[{"href":"http:\/\/fegrama.cat\/web\/wp-json\/wp\/v2\/media?parent=19007"}],"wp:term":[{"taxonomy":"category","embeddable":true,"href":"http:\/\/fegrama.cat\/web\/wp-json\/wp\/v2\/categories?post=19007"},{"taxonomy":"post_tag","embeddable":true,"href":"http:\/\/fegrama.cat\/web\/wp-json\/wp\/v2\/tags?post=19007"}],"curies":[{"name":"wp","href":"https:\/\/api.w.org\/{rel}","templated":true}]}}