{"id":18957,"date":"2017-01-06T10:13:41","date_gmt":"2017-01-06T09:13:41","guid":{"rendered":"http:\/\/fegrama.cat\/web\/?p=18957"},"modified":"2017-01-06T11:58:04","modified_gmt":"2017-01-06T10:58:04","slug":"el-juvenil-a-juga-a-casa-contra-un-rival-directe","status":"publish","type":"post","link":"http:\/\/fegrama.cat\/web\/el-juvenil-a-juga-a-casa-contra-un-rival-directe\/","title":{"rendered":"El Juvenil A juga a casa contra un rival directe"},"content":{"rendered":"<p>Volta a la competici\u00f3 i el conjunt dirigit per <strong>Christian Algar<\/strong> arriba amb moltes ganes al primer partit de l&#8217;any. Canviar la situaci\u00f3 i comen\u00e7ar a pujar llocs en la classificaci\u00f3 tamb\u00e9 dependr\u00e0 de fer de Santa Coloma un fort\u00ed. A la recerca de la tercera jornada consecutiva sense perdre.<\/p>\n<p style=\"text-align: center;\"><strong>Diumenge a les 11:45 hores nova jornada de Preferent al Nou Municipal.<\/strong><\/p>\n<p>Els colomencs tindran davant un rival directe, el <strong>CE APA Poble Sec<\/strong>. Empatats a punts per\u00f2 els visitants davant a la classificaci\u00f3 per tema de gols (-2 ells i -8 la Grama).<\/p>\n<p><a href=\"http:\/\/fegrama.cat\/web\/wp-content\/uploads\/2016\/10\/juvA301016.jpg\"><img loading=\"lazy\" decoding=\"async\" class=\"aligncenter size-full wp-image-18043\" alt=\"juvA301016\" src=\"http:\/\/fegrama.cat\/web\/wp-content\/uploads\/2016\/10\/juvA301016.jpg\" width=\"508\" height=\"381\" srcset=\"http:\/\/fegrama.cat\/web\/wp-content\/uploads\/2016\/10\/juvA301016.jpg 800w, http:\/\/fegrama.cat\/web\/wp-content\/uploads\/2016\/10\/juvA301016-300x225.jpg 300w\" sizes=\"auto, (max-width: 508px) 100vw, 508px\" \/><\/a><\/p>\n<p>Vuelta a la competici\u00f3n y el conjunto dirigido por <strong>Christian Alga<\/strong>r llega con muchas ganas al primer partido del a\u00f1o. Cambiar la situaci\u00f3n y empezar a subir puestos en la clasificaci\u00f3n tambi\u00e9n depender\u00e1 de hacer de Santa Coloma un fort\u00edn. En busca de la tercera jornada consecutiva sin perder.<\/p>\n<p style=\"text-align: center;\"><strong>El domingo a las 11:45 horas nueva jornada de Preferente en el Nou Municipal.<\/strong><\/p>\n<p style=\"text-align: left;\">Los colomenses tendr\u00e1n delante un rival directo, el CE APA Poble Sec. Empatados a puntos pero los visitantes delante en la clasificaci\u00f3n por tema de goles (-2 ellos y -8 la Grama).<\/p>\n","protected":false},"excerpt":{"rendered":"<p>Volta a la competici\u00f3 i el conjunt dirigit per Christian Algar arriba amb moltes ganes al primer partit de l&#8217;any. Canviar la situaci\u00f3 i comen\u00e7ar a pujar llocs en la classificaci\u00f3 tamb\u00e9 dependr\u00e0 de fer de Santa Coloma un fort\u00ed. A la recerca de la tercera jornada consecutiva sense perdre. Diumenge a les 11:45 hores [&hellip;]<\/p>\n","protected":false},"author":1,"featured_media":18043,"comment_status":"closed","ping_status":"closed","sticky":false,"template":"","format":"standard","meta":{"footnotes":""},"categories":[4,6],"tags":[24,55],"class_list":["post-18957","post","type-post","status-publish","format-standard","has-post-thumbnail","hentry","category-base-inclusiu","category-juvenils","tag-fundacio-esportiva-grama","tag-nou-municipal-de-santa-coloma"],"_links":{"self":[{"href":"http:\/\/fegrama.cat\/web\/wp-json\/wp\/v2\/posts\/18957","targetHints":{"allow":["GET"]}}],"collection":[{"href":"http:\/\/fegrama.cat\/web\/wp-json\/wp\/v2\/posts"}],"about":[{"href":"http:\/\/fegrama.cat\/web\/wp-json\/wp\/v2\/types\/post"}],"author":[{"embeddable":true,"href":"http:\/\/fegrama.cat\/web\/wp-json\/wp\/v2\/users\/1"}],"replies":[{"embeddable":true,"href":"http:\/\/fegrama.cat\/web\/wp-json\/wp\/v2\/comments?post=18957"}],"version-history":[{"count":1,"href":"http:\/\/fegrama.cat\/web\/wp-json\/wp\/v2\/posts\/18957\/revisions"}],"predecessor-version":[{"id":18958,"href":"http:\/\/fegrama.cat\/web\/wp-json\/wp\/v2\/posts\/18957\/revisions\/18958"}],"wp:featuredmedia":[{"embeddable":true,"href":"http:\/\/fegrama.cat\/web\/wp-json\/wp\/v2\/media\/18043"}],"wp:attachment":[{"href":"http:\/\/fegrama.cat\/web\/wp-json\/wp\/v2\/media?parent=18957"}],"wp:term":[{"taxonomy":"category","embeddable":true,"href":"http:\/\/fegrama.cat\/web\/wp-json\/wp\/v2\/categories?post=18957"},{"taxonomy":"post_tag","embeddable":true,"href":"http:\/\/fegrama.cat\/web\/wp-json\/wp\/v2\/tags?post=18957"}],"curies":[{"name":"wp","href":"https:\/\/api.w.org\/{rel}","templated":true}]}}