{"id":18955,"date":"2017-01-06T10:13:35","date_gmt":"2017-01-06T09:13:35","guid":{"rendered":"http:\/\/fegrama.cat\/web\/?p=18955"},"modified":"2017-01-06T10:13:35","modified_gmt":"2017-01-06T09:13:35","slug":"dissabte-al-nou-municipal-juga-el-juvenil-b-el-c-a-can-caralleu","status":"publish","type":"post","link":"http:\/\/fegrama.cat\/web\/dissabte-al-nou-municipal-juga-el-juvenil-b-el-c-a-can-caralleu\/","title":{"rendered":"Dissabte al Nou Municipal juga el Juvenil B, el C a Can Caralleu"},"content":{"rendered":"<p>El<strong> Juvenil B<\/strong> va tancar 2016 en molt bona din\u00e0mica, sis jornades consecutives sense perdre que li van fer pujar al quart lloc de la taula. Els d&#8217;Albert Jornet buscaran seguir al mateix estat de forma en l&#8217;inici de lliga. <strong>Dissabte a les 16:15 hores al Nou Municipal<\/strong> s&#8217;enfronten al <strong>Vila Ol\u00edmpica C,<\/strong> des\u00e8 classificat a 5 punts de la Grama.<\/p>\n<p>El <strong>Juvenil B<\/strong> cerr\u00f3 2016 en muy buena din\u00e1mica, seis jornadas consecutivas sin perder que le hicieron subir al cuarto puesto de la tabla. Los de Albert Jornet buscar\u00e1n seguir en el mismo estado de forma en el inicio de liga. El <strong>s\u00e1bado a las 16:15 horas en el Nou Municipal<\/strong> se enfrentan al <strong>Vila Ol\u00edmpica C,<\/strong> d\u00e9cimo clasificado a 5 puntos de la Grama.<\/p>\n<p>[divider]<\/p>\n<p>Marxa irregular en lliga d&#8217;un<strong> Juvenil C<\/strong> que va set\u00e8 per\u00f2 que si aconsegueix encadenar una bona ratxa podria enganxar-se al TOP-5. <strong>Dissabte a les 18:30 hores al Municipal Can Caralleu<\/strong> tindran davant al <strong>CP Sarri\u00e0 C<\/strong>, equip en situaci\u00f3 similar i amb dos punts menys que la Fundaci\u00f3.<\/p>\n<p>Marcha irregular en liga de un <strong>Juvenil C<\/strong> que va s\u00e9ptimo pero que si consigue encadenar una buena racha podr\u00eda engancharse al TOP-5. El<strong> s\u00e1bado a las 18:30 horas<\/strong> <strong>en el Municipal Can Caralleu<\/strong> tendr\u00e1n delante al <strong>CP Sarri\u00e0 C<\/strong>, equipo en situaci\u00f3n similar y con dos puntos menos que la Fundaci\u00f3.<\/p>\n","protected":false},"excerpt":{"rendered":"<p>El Juvenil B va tancar 2016 en molt bona din\u00e0mica, sis jornades consecutives sense perdre que li van fer pujar al quart lloc de la taula. Els d&#8217;Albert Jornet buscaran seguir al mateix estat de forma en l&#8217;inici de lliga. Dissabte a les 16:15 hores al Nou Municipal s&#8217;enfronten al Vila Ol\u00edmpica C, des\u00e8 classificat [&hellip;]<\/p>\n","protected":false},"author":1,"featured_media":17877,"comment_status":"closed","ping_status":"closed","sticky":false,"template":"","format":"standard","meta":{"footnotes":""},"categories":[4,6],"tags":[24,55],"class_list":["post-18955","post","type-post","status-publish","format-standard","has-post-thumbnail","hentry","category-base-inclusiu","category-juvenils","tag-fundacio-esportiva-grama","tag-nou-municipal-de-santa-coloma"],"_links":{"self":[{"href":"http:\/\/fegrama.cat\/web\/wp-json\/wp\/v2\/posts\/18955","targetHints":{"allow":["GET"]}}],"collection":[{"href":"http:\/\/fegrama.cat\/web\/wp-json\/wp\/v2\/posts"}],"about":[{"href":"http:\/\/fegrama.cat\/web\/wp-json\/wp\/v2\/types\/post"}],"author":[{"embeddable":true,"href":"http:\/\/fegrama.cat\/web\/wp-json\/wp\/v2\/users\/1"}],"replies":[{"embeddable":true,"href":"http:\/\/fegrama.cat\/web\/wp-json\/wp\/v2\/comments?post=18955"}],"version-history":[{"count":1,"href":"http:\/\/fegrama.cat\/web\/wp-json\/wp\/v2\/posts\/18955\/revisions"}],"predecessor-version":[{"id":18956,"href":"http:\/\/fegrama.cat\/web\/wp-json\/wp\/v2\/posts\/18955\/revisions\/18956"}],"wp:featuredmedia":[{"embeddable":true,"href":"http:\/\/fegrama.cat\/web\/wp-json\/wp\/v2\/media\/17877"}],"wp:attachment":[{"href":"http:\/\/fegrama.cat\/web\/wp-json\/wp\/v2\/media?parent=18955"}],"wp:term":[{"taxonomy":"category","embeddable":true,"href":"http:\/\/fegrama.cat\/web\/wp-json\/wp\/v2\/categories?post=18955"},{"taxonomy":"post_tag","embeddable":true,"href":"http:\/\/fegrama.cat\/web\/wp-json\/wp\/v2\/tags?post=18955"}],"curies":[{"name":"wp","href":"https:\/\/api.w.org\/{rel}","templated":true}]}}