{"id":18864,"date":"2016-12-18T20:30:24","date_gmt":"2016-12-18T19:30:24","guid":{"rendered":"http:\/\/fegrama.cat\/web\/?p=18864"},"modified":"2016-12-19T09:31:21","modified_gmt":"2016-12-19T08:31:21","slug":"victoria-ajustada-del-cadet-d","status":"publish","type":"post","link":"http:\/\/fegrama.cat\/web\/victoria-ajustada-del-cadet-d\/","title":{"rendered":"Vict\u00f2ria ajustada del Cadet D"},"content":{"rendered":"<p>El Cadet D va guanyar a casa per un ajustat 2-1 davant l&#8217;AF Veterans Catalunya B.<\/p>\n<p>Vict\u00f2ria justa i treballada del Cadet D en un partit on van tornar a no estar fins de cara a porteria. La Grama va portar tot el pes del partit per\u00f2 en un contraatac els Veterans s&#8217;avan\u00e7arien al marcador. Amb 0-1 els locals es van bolcar en atac i al descompte Alejandro va aconseguir igualar amb un xut des de l&#8217;\u00e0rea de meta.<\/p>\n<p>A la segona meitat la Fundaci\u00f3 va seguir bolcada sobre l&#8217;arc rival, tornant a fallar oportunitats clares. En tot moment buscaven el gol de la vict\u00f2ria fins que a falta de 15 minuts \u00c1lvaro de cap rematava un c\u00f3rner llan\u00e7at per Javi, creuant la pilota al segon pal per posar el 2-1 definitiu.<\/p>\n<p>[divider]<\/p>\n<p>El Cadete D gan\u00f3 en casa por un ajustado 2-1 ante la AF Veterans Catalunya B.<\/p>\n<p>Victoria justa y trabajada\u00a0 del Cadete D en un partido donde volvieron a no estar finos de cara a porter\u00eda. La Grama llev\u00f3 todo el peso del partido pero en un contraataque los Veterans se adelantar\u00edan en el marcador. Con 0-1 los locales se volcaron en ataque y en el descuento Alejandro logr\u00f3 igualar con un chute desde el \u00e1rea de meta.<\/p>\n<p>En la segunda mitad la Fundaci\u00f3 sigui\u00f3 volcada sobre el arco rival, volviendo a fallar oportunidades claras. En todo momento buscaban el gol de la victoria hasta que a falta de 15 minutos \u00c1lvaro de cabeza remataba un c\u00f3rner lanzado por Javi, cruzando la pelota al segundo palo para poner el 2-1 definitivo.<\/p>\n","protected":false},"excerpt":{"rendered":"<p>El Cadet D va guanyar a casa per un ajustat 2-1 davant l&#8217;AF Veterans Catalunya B. Vict\u00f2ria justa i treballada del Cadet D en un partit on van tornar a no estar fins de cara a porteria. La Grama va portar tot el pes del partit per\u00f2 en un contraatac els Veterans s&#8217;avan\u00e7arien al marcador. [&hellip;]<\/p>\n","protected":false},"author":1,"featured_media":0,"comment_status":"closed","ping_status":"closed","sticky":false,"template":"","format":"standard","meta":{"footnotes":""},"categories":[4,7],"tags":[24,55],"class_list":["post-18864","post","type-post","status-publish","format-standard","hentry","category-base-inclusiu","category-cadets","tag-fundacio-esportiva-grama","tag-nou-municipal-de-santa-coloma"],"_links":{"self":[{"href":"http:\/\/fegrama.cat\/web\/wp-json\/wp\/v2\/posts\/18864","targetHints":{"allow":["GET"]}}],"collection":[{"href":"http:\/\/fegrama.cat\/web\/wp-json\/wp\/v2\/posts"}],"about":[{"href":"http:\/\/fegrama.cat\/web\/wp-json\/wp\/v2\/types\/post"}],"author":[{"embeddable":true,"href":"http:\/\/fegrama.cat\/web\/wp-json\/wp\/v2\/users\/1"}],"replies":[{"embeddable":true,"href":"http:\/\/fegrama.cat\/web\/wp-json\/wp\/v2\/comments?post=18864"}],"version-history":[{"count":1,"href":"http:\/\/fegrama.cat\/web\/wp-json\/wp\/v2\/posts\/18864\/revisions"}],"predecessor-version":[{"id":18865,"href":"http:\/\/fegrama.cat\/web\/wp-json\/wp\/v2\/posts\/18864\/revisions\/18865"}],"wp:attachment":[{"href":"http:\/\/fegrama.cat\/web\/wp-json\/wp\/v2\/media?parent=18864"}],"wp:term":[{"taxonomy":"category","embeddable":true,"href":"http:\/\/fegrama.cat\/web\/wp-json\/wp\/v2\/categories?post=18864"},{"taxonomy":"post_tag","embeddable":true,"href":"http:\/\/fegrama.cat\/web\/wp-json\/wp\/v2\/tags?post=18864"}],"curies":[{"name":"wp","href":"https:\/\/api.w.org\/{rel}","templated":true}]}}