{"id":18855,"date":"2016-12-18T19:55:15","date_gmt":"2016-12-18T18:55:15","guid":{"rendered":"http:\/\/fegrama.cat\/web\/?p=18855"},"modified":"2016-12-18T19:55:15","modified_gmt":"2016-12-18T18:55:15","slug":"victoria-a-casa-davant-del-prat-per-al-juvenil-a","status":"publish","type":"post","link":"http:\/\/fegrama.cat\/web\/victoria-a-casa-davant-del-prat-per-al-juvenil-a\/","title":{"rendered":"Vict\u00f2ria a casa davant del Prat per al Juvenil A"},"content":{"rendered":"<p>Important vict\u00f2ria del Juvenil A abans de l&#8217;aturada de Nadal. La Fundaci\u00f3 va guanyar 3-0 davant el cuer, AE Prat B, el que suposa el primer partit de l&#8217;equip que no encaixa cap gol en el que va de temporada i a m\u00e9s per primera vegada aconsegueixen dues jornades consecutives sense perdre.<\/p>\n<p>Durant els primers 45 minuts els dos equips es van mostrar bastant imprecisos i cap va aconseguir dominar el joc amb claredat. Contraatacs d&#8217;un i altre equip i nom\u00e9s un gol. Aguado va avan\u00e7ar a la Grama al minut 8, d&#8217;un xut creuat des de la vora de l&#8217;\u00e0rea. Amb aquest 1-0 es va arribar al descans al Nou Municipal.<\/p>\n<p>A la segona meitat la FE Grama igual que la setmana passada va anar de menys a m\u00e9s i a mesura que passaven els minuts es mostrava molt m\u00e9s c\u00f2moda i perillosa. Kevin aconseguia el gol de la tranquil\u00b7litat al 55 despr\u00e9s d&#8217;una gran jugada d&#8217;Angel per banda amb centre. I ja en la recta final del xoc Litri aconseguiria el 3-0 definitiu.<\/p>\n<p>La Grama va generar nombroses ocasions per ampliar el marcador per\u00f2 el porter visitant va aconseguir impedir-ho. A la tornada de Nadal el rival ser\u00e0 el Poble-Sec que t\u00e9 14 punts de la mateixa manera que els colomencs.<\/p>\n<p style=\"text-align: center;\"><a href=\"http:\/\/fegrama.cat\/web\/wp-content\/uploads\/2016\/10\/juvA301016.jpg\"><img loading=\"lazy\" decoding=\"async\" class=\"aligncenter  wp-image-18043\" alt=\"juvA301016\" src=\"http:\/\/fegrama.cat\/web\/wp-content\/uploads\/2016\/10\/juvA301016.jpg\" width=\"640\" height=\"480\" srcset=\"http:\/\/fegrama.cat\/web\/wp-content\/uploads\/2016\/10\/juvA301016.jpg 800w, http:\/\/fegrama.cat\/web\/wp-content\/uploads\/2016\/10\/juvA301016-300x225.jpg 300w\" sizes=\"auto, (max-width: 640px) 100vw, 640px\" \/><\/a><\/p>\n<p>Importante victoria del Juvenil A antes del par\u00f3n de navidad. La Fundaci\u00f3 gan\u00f3 3-0 ante el colista, AE Prat B, lo que supone el primer partido del equipo que no encaja ning\u00fan gol en lo que va de temporada y adem\u00e1s por primera vez consiguen dos jornadas consecutivas sin perder.<\/p>\n<p dir=\"ltr\">Durante los primeros 45 minutos ambos equipos\u00a0se mostraron bastante imprecisos y ninguno consigui\u00f3 dominar el juego con claridad. Contragolpes de uno y otro equipo y solamente un gol.\u00a0Aguado adelant\u00f3 a la Grama en el minuto 8, de un tiro cruzado desde el borde del \u00e1rea. Con ese 1-0 se lleg\u00f3 al descanso en el Nou Municipal.<\/p>\n<p dir=\"ltr\">En la segunda mitad la FE Grama al igual que la semana pasada fue de menos a m\u00e1s y a medida que pasaban los minutos se mostraba mucho m\u00e1s c\u00f3moda y peligrosa. Kevin consegu\u00eda el gol de la tranquilidad en el 55 tras una gran jugada de Angel por banda con centro. Y ya en la recta final del choque Litri conseguir\u00eda el 3-0 definitivo.<\/p>\n<p dir=\"ltr\">La Grama gener\u00f3 numerosas ocasiones para ampliar el marcador pero el portero visitante logr\u00f3 impedirlo. A la vuelta de navidades el rival ser\u00e1 Poble-Sec que tiene 14 puntos al igual que los colomenses.<\/p>\n","protected":false},"excerpt":{"rendered":"<p>Important vict\u00f2ria del Juvenil A abans de l&#8217;aturada de Nadal. La Fundaci\u00f3 va guanyar 3-0 davant el cuer, AE Prat B, el que suposa el primer partit de l&#8217;equip que no encaixa cap gol en el que va de temporada i a m\u00e9s per primera vegada aconsegueixen dues jornades consecutives sense perdre. Durant els primers [&hellip;]<\/p>\n","protected":false},"author":1,"featured_media":18043,"comment_status":"closed","ping_status":"closed","sticky":false,"template":"","format":"standard","meta":{"footnotes":""},"categories":[4,6],"tags":[24,55],"class_list":["post-18855","post","type-post","status-publish","format-standard","has-post-thumbnail","hentry","category-base-inclusiu","category-juvenils","tag-fundacio-esportiva-grama","tag-nou-municipal-de-santa-coloma"],"_links":{"self":[{"href":"http:\/\/fegrama.cat\/web\/wp-json\/wp\/v2\/posts\/18855","targetHints":{"allow":["GET"]}}],"collection":[{"href":"http:\/\/fegrama.cat\/web\/wp-json\/wp\/v2\/posts"}],"about":[{"href":"http:\/\/fegrama.cat\/web\/wp-json\/wp\/v2\/types\/post"}],"author":[{"embeddable":true,"href":"http:\/\/fegrama.cat\/web\/wp-json\/wp\/v2\/users\/1"}],"replies":[{"embeddable":true,"href":"http:\/\/fegrama.cat\/web\/wp-json\/wp\/v2\/comments?post=18855"}],"version-history":[{"count":1,"href":"http:\/\/fegrama.cat\/web\/wp-json\/wp\/v2\/posts\/18855\/revisions"}],"predecessor-version":[{"id":18856,"href":"http:\/\/fegrama.cat\/web\/wp-json\/wp\/v2\/posts\/18855\/revisions\/18856"}],"wp:featuredmedia":[{"embeddable":true,"href":"http:\/\/fegrama.cat\/web\/wp-json\/wp\/v2\/media\/18043"}],"wp:attachment":[{"href":"http:\/\/fegrama.cat\/web\/wp-json\/wp\/v2\/media?parent=18855"}],"wp:term":[{"taxonomy":"category","embeddable":true,"href":"http:\/\/fegrama.cat\/web\/wp-json\/wp\/v2\/categories?post=18855"},{"taxonomy":"post_tag","embeddable":true,"href":"http:\/\/fegrama.cat\/web\/wp-json\/wp\/v2\/tags?post=18855"}],"curies":[{"name":"wp","href":"https:\/\/api.w.org\/{rel}","templated":true}]}}