{"id":18851,"date":"2016-12-18T19:31:42","date_gmt":"2016-12-18T18:31:42","guid":{"rendered":"http:\/\/fegrama.cat\/web\/?p=18851"},"modified":"2016-12-18T19:31:42","modified_gmt":"2016-12-18T18:31:42","slug":"victoria-de-linfantil-alevi-a-la-roca","status":"publish","type":"post","link":"http:\/\/fegrama.cat\/web\/victoria-de-linfantil-alevi-a-la-roca\/","title":{"rendered":"Vict\u00f2ria de l&#8217;Infantil-Alev\u00ed a La Roca"},"content":{"rendered":"<p>L&#8217;Infantil-Alev\u00ed Femen\u00ed va guanyar 6-1 a la La Roca Penya Blanc i Blava &#8216;B&#8217;.<\/p>\n<p>Clar domini local durant tot el partit, les noies de Jordi P\u00e9rez van jugar la pilota des del darrere, creant jugades, amb bona circulaci\u00f3 de la pilota i potser nom\u00e9s els va faltar una mica d&#8217;intensitat en el joc per aconseguir m\u00e9s finalitzaci\u00f3.<\/p>\n<p>La Grama segueix perfeccionant el seu joc de toc i va aconseguir una important vict\u00f2ria per acomiadar l&#8217;any mantenint la quarta posici\u00f3 en lliga. Una posici\u00f3 ben merescuda despr\u00e9s del gran esfor\u00e7 i treball de les nostres noies, aix\u00ed com el gran progr\u00e9s que han fet des d&#8217;inicis de lliga.<\/p>\n<p><a href=\"http:\/\/fegrama.cat\/web\/wp-content\/uploads\/2016\/10\/infal.jpg\"><img loading=\"lazy\" decoding=\"async\" class=\"aligncenter\" alt=\"infal\" src=\"http:\/\/fegrama.cat\/web\/wp-content\/uploads\/2016\/10\/infal.jpg\" width=\"610\" height=\"457\" \/><\/a><\/p>\n<p>El Infantil-Alev\u00edn Femenino gan\u00f3 6-1 a la La Roca Penya Blanc i Blava \u2018B\u2019.<\/p>\n<p>Claro dominio local durante todo el partido, las chicas de Jordi P\u00e9rez jugaron el bal\u00f3n desde atr\u00e1s, creando jugadas, con buena circulaci\u00f3n de la pelota y tal vez solamente les falt\u00f3 una pizca de intensidad en el juego para lograr mayor finalizaci\u00f3n.<\/p>\n<p>La Grama sigue perfeccionando su juego de toque y consigui\u00f3 una importante victoria\u00a0para despedir el a\u00f1o manteniendo la cuarta posici\u00f3n en liga. Una posici\u00f3n bien merecida despu\u00e9s del gran esfuerzo y trabajo de nuestras chicas, as\u00ed como el gran progreso que han hecho desde inicios de liga.<\/p>\n","protected":false},"excerpt":{"rendered":"<p>L&#8217;Infantil-Alev\u00ed Femen\u00ed va guanyar 6-1 a la La Roca Penya Blanc i Blava &#8216;B&#8217;. Clar domini local durant tot el partit, les noies de Jordi P\u00e9rez van jugar la pilota des del darrere, creant jugades, amb bona circulaci\u00f3 de la pilota i potser nom\u00e9s els va faltar una mica d&#8217;intensitat en el joc per aconseguir [&hellip;]<\/p>\n","protected":false},"author":1,"featured_media":17848,"comment_status":"closed","ping_status":"closed","sticky":false,"template":"","format":"standard","meta":{"footnotes":""},"categories":[4,13],"tags":[24,55],"class_list":["post-18851","post","type-post","status-publish","format-standard","has-post-thumbnail","hentry","category-base-inclusiu","category-femeni","tag-fundacio-esportiva-grama","tag-nou-municipal-de-santa-coloma"],"_links":{"self":[{"href":"http:\/\/fegrama.cat\/web\/wp-json\/wp\/v2\/posts\/18851","targetHints":{"allow":["GET"]}}],"collection":[{"href":"http:\/\/fegrama.cat\/web\/wp-json\/wp\/v2\/posts"}],"about":[{"href":"http:\/\/fegrama.cat\/web\/wp-json\/wp\/v2\/types\/post"}],"author":[{"embeddable":true,"href":"http:\/\/fegrama.cat\/web\/wp-json\/wp\/v2\/users\/1"}],"replies":[{"embeddable":true,"href":"http:\/\/fegrama.cat\/web\/wp-json\/wp\/v2\/comments?post=18851"}],"version-history":[{"count":1,"href":"http:\/\/fegrama.cat\/web\/wp-json\/wp\/v2\/posts\/18851\/revisions"}],"predecessor-version":[{"id":18852,"href":"http:\/\/fegrama.cat\/web\/wp-json\/wp\/v2\/posts\/18851\/revisions\/18852"}],"wp:featuredmedia":[{"embeddable":true,"href":"http:\/\/fegrama.cat\/web\/wp-json\/wp\/v2\/media\/17848"}],"wp:attachment":[{"href":"http:\/\/fegrama.cat\/web\/wp-json\/wp\/v2\/media?parent=18851"}],"wp:term":[{"taxonomy":"category","embeddable":true,"href":"http:\/\/fegrama.cat\/web\/wp-json\/wp\/v2\/categories?post=18851"},{"taxonomy":"post_tag","embeddable":true,"href":"http:\/\/fegrama.cat\/web\/wp-json\/wp\/v2\/tags?post=18851"}],"curies":[{"name":"wp","href":"https:\/\/api.w.org\/{rel}","templated":true}]}}