{"id":18849,"date":"2016-12-18T19:08:13","date_gmt":"2016-12-18T18:08:13","guid":{"rendered":"http:\/\/fegrama.cat\/web\/?p=18849"},"modified":"2016-12-18T19:08:13","modified_gmt":"2016-12-18T18:08:13","slug":"empat-del-lider-un-punt-per-al-benjami-d","status":"publish","type":"post","link":"http:\/\/fegrama.cat\/web\/empat-del-lider-un-punt-per-al-benjami-d\/","title":{"rendered":"Empat del l\u00edder, un punt per al Benjam\u00ed D"},"content":{"rendered":"<p>El l\u00edder, Benjam\u00ed D, va ensopegar per primera vegada aquesta temporada. Un empat a casa davant la PB Trinitat Vella.<\/p>\n<p>La lliga es posa emocionant i s&#8217;ajusta amb l&#8217;empat de la FE Grama i les vict\u00f2ries dels seus tres perseguidors (segon i tercer a 1 punt, i quart a 3 punts). Els colomencs van jugar b\u00e9 per\u00f2 es van trobar a un rival que va plantejar un esquema per bloquejar l&#8217;equip m\u00e9s golejador de la categoria.<\/p>\n<p>Els locals fregaven el gol per\u00f2 van ser els visitants qui al comen\u00e7ament del segon quart van marcar el 0-1 amb un xut des de fora l&#8217;\u00e0rea. A la Fundaci\u00f3 li va costar molt marcar gol, i no va ser fins al minut 35 quan Alex Li\u00f1an va marcar l&#8217;empat. Fins al final van buscar el segon mentre el Trinitat Vella es defensava i buscava el contraatac per\u00f2 al final repartiment de punts.<\/p>\n<p><a href=\"http:\/\/fegrama.cat\/web\/wp-content\/uploads\/2016\/11\/BD.jpg\"><img loading=\"lazy\" decoding=\"async\" class=\"aligncenter\" alt=\"BD\" src=\"http:\/\/fegrama.cat\/web\/wp-content\/uploads\/2016\/11\/BD.jpg\" width=\"551\" height=\"476\" \/><\/a><\/p>\n<p>El l\u00edder, Benjam\u00edn D, tropez\u00f3 por primera vez esta temporada. Un empate en casa ante la PB Trinitat Vella.<\/p>\n<p>La liga se pone emocionante y se ajusta con el empate de la FE Grama y las victorias de sus tres perseguidores (segundo y tercero a 1 punto, y cuarto a 3 puntos). Los colomenses jugaron bien pero se encontraron a un rival que plante\u00f3 un esquema para bloquear al equipo m\u00e1s goleador de la categor\u00eda.<\/p>\n<p>Los locales rozaban el gol pero fueron los visitantes quien al comienzo del segundo cuarto marcaron el 0-1 con un chute desde fuera del \u00e1rea. A la Fundaci\u00f3 le cost\u00f3 mucho marcar gol, y no fue hasta el minuto 35 cuando Alex Li\u00f1an marc\u00f3 el empate. Hasta el final buscaron el segundo mientras el Trinitat Vella se defend\u00eda y buscaba el contraataque pero al final reparto de puntos.<\/p>\n","protected":false},"excerpt":{"rendered":"<p>El l\u00edder, Benjam\u00ed D, va ensopegar per primera vegada aquesta temporada. Un empat a casa davant la PB Trinitat Vella. La lliga es posa emocionant i s&#8217;ajusta amb l&#8217;empat de la FE Grama i les vict\u00f2ries dels seus tres perseguidors (segon i tercer a 1 punt, i quart a 3 punts). Els colomencs van jugar [&hellip;]<\/p>\n","protected":false},"author":1,"featured_media":18377,"comment_status":"closed","ping_status":"closed","sticky":false,"template":"","format":"standard","meta":{"footnotes":""},"categories":[4,11],"tags":[24,55],"class_list":["post-18849","post","type-post","status-publish","format-standard","has-post-thumbnail","hentry","category-base-inclusiu","category-benjamins","tag-fundacio-esportiva-grama","tag-nou-municipal-de-santa-coloma"],"_links":{"self":[{"href":"http:\/\/fegrama.cat\/web\/wp-json\/wp\/v2\/posts\/18849","targetHints":{"allow":["GET"]}}],"collection":[{"href":"http:\/\/fegrama.cat\/web\/wp-json\/wp\/v2\/posts"}],"about":[{"href":"http:\/\/fegrama.cat\/web\/wp-json\/wp\/v2\/types\/post"}],"author":[{"embeddable":true,"href":"http:\/\/fegrama.cat\/web\/wp-json\/wp\/v2\/users\/1"}],"replies":[{"embeddable":true,"href":"http:\/\/fegrama.cat\/web\/wp-json\/wp\/v2\/comments?post=18849"}],"version-history":[{"count":1,"href":"http:\/\/fegrama.cat\/web\/wp-json\/wp\/v2\/posts\/18849\/revisions"}],"predecessor-version":[{"id":18850,"href":"http:\/\/fegrama.cat\/web\/wp-json\/wp\/v2\/posts\/18849\/revisions\/18850"}],"wp:featuredmedia":[{"embeddable":true,"href":"http:\/\/fegrama.cat\/web\/wp-json\/wp\/v2\/media\/18377"}],"wp:attachment":[{"href":"http:\/\/fegrama.cat\/web\/wp-json\/wp\/v2\/media?parent=18849"}],"wp:term":[{"taxonomy":"category","embeddable":true,"href":"http:\/\/fegrama.cat\/web\/wp-json\/wp\/v2\/categories?post=18849"},{"taxonomy":"post_tag","embeddable":true,"href":"http:\/\/fegrama.cat\/web\/wp-json\/wp\/v2\/tags?post=18849"}],"curies":[{"name":"wp","href":"https:\/\/api.w.org\/{rel}","templated":true}]}}