{"id":18847,"date":"2016-12-18T18:54:52","date_gmt":"2016-12-18T17:54:52","guid":{"rendered":"http:\/\/fegrama.cat\/web\/?p=18847"},"modified":"2016-12-18T18:54:52","modified_gmt":"2016-12-18T17:54:52","slug":"remuntada-i-victoria-del-benjami-e-a-les-oliveres","status":"publish","type":"post","link":"http:\/\/fegrama.cat\/web\/remuntada-i-victoria-del-benjami-e-a-les-oliveres\/","title":{"rendered":"Remuntada i vict\u00f2ria del Benjam\u00ed E a Les Oliveres"},"content":{"rendered":"<p>El Benjam\u00ed E va guanyar 5-3 a la Vila Ol\u00edmpica G, cinqu\u00e8 classificat. Gran partit i remuntada dels nois d&#8217;Alejandro Rosa.<\/p>\n<p>El partit va comen\u00e7ar fred per part dels colomencs, sense intensitat ni joc tant que al minut 3 la Vila Ol\u00edmpica va aconseguir obrir el marcador amb un gol en pr\u00f2pia porta. La Grama no va reaccionar, va seguir freda i deixant molt espai al mig del camp que el rival aprofitaria per ficar dos gols m\u00e9s abans del segon quart.<\/p>\n<p>Despr\u00e9s de la parada els colomencs van canviar totalment la din\u00e0mica del partit, lluitant i manejant la pilota, i aix\u00ed van anar arribant els gols de la remuntada. Sense cometre errors en defensa i deixant en nom\u00e9s tres gols al seu rival. Ismael va fer un hat-trick, Izan i un en pr\u00f2pia porta van donar la vict\u00f2ria als locals.<\/p>\n<p><a href=\"http:\/\/fegrama.cat\/web\/wp-content\/uploads\/2016\/11\/BE.jpg\"><img loading=\"lazy\" decoding=\"async\" class=\"aligncenter\" alt=\"BE\" src=\"http:\/\/fegrama.cat\/web\/wp-content\/uploads\/2016\/11\/BE.jpg\" width=\"538\" height=\"387\" \/><\/a><\/p>\n<p>El Benjam\u00edn E gan\u00f3 5-3 a la Vila Ol\u00edmpica G, quinto clasificado. Gran partido y remontada de los chicos de Alejandro Rosa.<\/p>\n<p>El partido comenz\u00f3 fr\u00edo por parte de los colomenses, sin intensidad ni juego tanto que en el minuto 3 la Vila Ol\u00edmpica consigui\u00f3 abrir el marcador con un gol en propia puerta. La Grama no reaccion\u00f3, sigui\u00f3 fr\u00eda y dejando mucho espacio en medio del campo que el rival aprovechar\u00eda para meter dos goles m\u00e1s antes del segundo cuarto.<\/p>\n<p>Tras el par\u00f3n los colomenses cambiaron totalmente la din\u00e1mica del partido, luchando y manejando la pelota, y as\u00ed fueron llegando los goles de la remontada. Sin cometer fallos en defensa y dejando en s\u00f3lo tres goles a su rival. Ismael hizo un hat-trick, Izan y uno en propia puerta dieron la victoria a los locales.<\/p>\n","protected":false},"excerpt":{"rendered":"<p>El Benjam\u00ed E va guanyar 5-3 a la Vila Ol\u00edmpica G, cinqu\u00e8 classificat. Gran partit i remuntada dels nois d&#8217;Alejandro Rosa. El partit va comen\u00e7ar fred per part dels colomencs, sense intensitat ni joc tant que al minut 3 la Vila Ol\u00edmpica va aconseguir obrir el marcador amb un gol en pr\u00f2pia porta. La Grama [&hellip;]<\/p>\n","protected":false},"author":1,"featured_media":0,"comment_status":"closed","ping_status":"closed","sticky":false,"template":"","format":"standard","meta":{"footnotes":""},"categories":[4,11],"tags":[24,802,130],"class_list":["post-18847","post","type-post","status-publish","format-standard","hentry","category-base-inclusiu","category-benjamins","tag-fundacio-esportiva-grama","tag-municipal-les-oliveres","tag-santa-coloma-de-gramenet"],"_links":{"self":[{"href":"http:\/\/fegrama.cat\/web\/wp-json\/wp\/v2\/posts\/18847","targetHints":{"allow":["GET"]}}],"collection":[{"href":"http:\/\/fegrama.cat\/web\/wp-json\/wp\/v2\/posts"}],"about":[{"href":"http:\/\/fegrama.cat\/web\/wp-json\/wp\/v2\/types\/post"}],"author":[{"embeddable":true,"href":"http:\/\/fegrama.cat\/web\/wp-json\/wp\/v2\/users\/1"}],"replies":[{"embeddable":true,"href":"http:\/\/fegrama.cat\/web\/wp-json\/wp\/v2\/comments?post=18847"}],"version-history":[{"count":1,"href":"http:\/\/fegrama.cat\/web\/wp-json\/wp\/v2\/posts\/18847\/revisions"}],"predecessor-version":[{"id":18848,"href":"http:\/\/fegrama.cat\/web\/wp-json\/wp\/v2\/posts\/18847\/revisions\/18848"}],"wp:attachment":[{"href":"http:\/\/fegrama.cat\/web\/wp-json\/wp\/v2\/media?parent=18847"}],"wp:term":[{"taxonomy":"category","embeddable":true,"href":"http:\/\/fegrama.cat\/web\/wp-json\/wp\/v2\/categories?post=18847"},{"taxonomy":"post_tag","embeddable":true,"href":"http:\/\/fegrama.cat\/web\/wp-json\/wp\/v2\/tags?post=18847"}],"curies":[{"name":"wp","href":"https:\/\/api.w.org\/{rel}","templated":true}]}}