{"id":18843,"date":"2016-12-18T18:10:08","date_gmt":"2016-12-18T17:10:08","guid":{"rendered":"http:\/\/fegrama.cat\/web\/?p=18843"},"modified":"2016-12-18T18:10:08","modified_gmt":"2016-12-18T17:10:08","slug":"golejada-de-linfantil-b-a-casa","status":"publish","type":"post","link":"http:\/\/fegrama.cat\/web\/golejada-de-linfantil-b-a-casa\/","title":{"rendered":"Golejada de l&#8217;Infantil B a casa"},"content":{"rendered":"<p>L&#8217;Infantil B va sumar una important vict\u00f2ria per 4-0 davant la UD Viladecans C.<\/p>\n<p>Partit amb clara superioritat per part de l&#8217;equip local, nom\u00e9s la fusta va impedir que s&#8217;anessin al t\u00fanel de vestidors amb un resultat m\u00e9s ampli que l&#8217;1-0. La sortida dels locals va ser quelcom dubitativa als 10 primers minuts de joc encara que van aconseguir reconduir la situaci\u00f3, mentre&#8217;s tant l&#8217;equip visitant nom\u00e9s va ser capa\u00e7 de connectar un parell de pilotes als seus davanters provocant algun perill.<\/p>\n<p>Just abans d&#8217;acabar la primera meitat una gran actuaci\u00f3 d&#8217;Adam va servir perqu\u00e8 Bazan aprofitar\u00e0 un rebuig que es convertiria en l&#8217;1-0 per als blaus d&#8217;Anguita. Despr\u00e9s de diverses pinzellades per part del m\u00edster local la segona meitat va ser un bufar i fer ampolles per als de Santa Coloma. Van tocar molt m\u00e9s fluid l&#8217;esf\u00e8ric martellejant un cop i un altre l&#8217;\u00e0rea visitant fins a aconseguir un resultat de 4-0.<\/p>\n<p><a href=\"http:\/\/fegrama.cat\/web\/wp-content\/uploads\/2016\/11\/IB.jpg\"><img loading=\"lazy\" decoding=\"async\" class=\"aligncenter\" alt=\"IB\" src=\"http:\/\/fegrama.cat\/web\/wp-content\/uploads\/2016\/11\/IB.jpg\" width=\"627\" height=\"523\" \/><\/a><\/p>\n<p>El Infantil B sum\u00f3 una importante victoria por 4-0 ante la UD Viladecans C.<\/p>\n<p>Partido con clara superioridad por parte del equipo local, solo la madera impidi\u00f3 que se fueran al t\u00fanel de vestuarios con un resultado m\u00e1s amplio que el 1-0.\u00a0La salida de los locales fue algo dubitativa en los 10 primeros minutos de juego aunque consiguieron reconducir la situaci\u00f3n, mientras tanto el equipo visitante solo fue capaz de conectar un par de balones a sus delanteros provocando alg\u00fan peligro.<\/p>\n<p>Justo antes de acabar la primera mitad una gran actuaci\u00f3n de Adam sirvi\u00f3 para que Bazan aprovechar\u00e1 un rechace que se convertir\u00eda en el 1-0 para los azules de Anguita. Tras varias pinceladas por parte del m\u00edster local La segunda mitad fue un coser y cantar para los de Santa Coloma. Tocaron mucho m\u00e1s fluido el esf\u00e9rico martilleando una y otra vez el \u00e1rea visitante hasta conseguir un resultado de 4-0.<\/p>\n","protected":false},"excerpt":{"rendered":"<p>L&#8217;Infantil B va sumar una important vict\u00f2ria per 4-0 davant la UD Viladecans C. Partit amb clara superioritat per part de l&#8217;equip local, nom\u00e9s la fusta va impedir que s&#8217;anessin al t\u00fanel de vestidors amb un resultat m\u00e9s ampli que l&#8217;1-0. La sortida dels locals va ser quelcom dubitativa als 10 primers minuts de joc [&hellip;]<\/p>\n","protected":false},"author":1,"featured_media":0,"comment_status":"closed","ping_status":"closed","sticky":false,"template":"","format":"standard","meta":{"footnotes":""},"categories":[4,9],"tags":[24,55],"class_list":["post-18843","post","type-post","status-publish","format-standard","hentry","category-base-inclusiu","category-infantils","tag-fundacio-esportiva-grama","tag-nou-municipal-de-santa-coloma"],"_links":{"self":[{"href":"http:\/\/fegrama.cat\/web\/wp-json\/wp\/v2\/posts\/18843","targetHints":{"allow":["GET"]}}],"collection":[{"href":"http:\/\/fegrama.cat\/web\/wp-json\/wp\/v2\/posts"}],"about":[{"href":"http:\/\/fegrama.cat\/web\/wp-json\/wp\/v2\/types\/post"}],"author":[{"embeddable":true,"href":"http:\/\/fegrama.cat\/web\/wp-json\/wp\/v2\/users\/1"}],"replies":[{"embeddable":true,"href":"http:\/\/fegrama.cat\/web\/wp-json\/wp\/v2\/comments?post=18843"}],"version-history":[{"count":1,"href":"http:\/\/fegrama.cat\/web\/wp-json\/wp\/v2\/posts\/18843\/revisions"}],"predecessor-version":[{"id":18844,"href":"http:\/\/fegrama.cat\/web\/wp-json\/wp\/v2\/posts\/18843\/revisions\/18844"}],"wp:attachment":[{"href":"http:\/\/fegrama.cat\/web\/wp-json\/wp\/v2\/media?parent=18843"}],"wp:term":[{"taxonomy":"category","embeddable":true,"href":"http:\/\/fegrama.cat\/web\/wp-json\/wp\/v2\/categories?post=18843"},{"taxonomy":"post_tag","embeddable":true,"href":"http:\/\/fegrama.cat\/web\/wp-json\/wp\/v2\/tags?post=18843"}],"curies":[{"name":"wp","href":"https:\/\/api.w.org\/{rel}","templated":true}]}}