{"id":18835,"date":"2016-12-18T17:36:18","date_gmt":"2016-12-18T16:36:18","guid":{"rendered":"http:\/\/fegrama.cat\/web\/?p=18835"},"modified":"2016-12-18T17:36:18","modified_gmt":"2016-12-18T16:36:18","slug":"partit-boig-de-lalevi-e-al-municipal-menorca-st-marti-provencal","status":"publish","type":"post","link":"http:\/\/fegrama.cat\/web\/partit-boig-de-lalevi-e-al-municipal-menorca-st-marti-provencal\/","title":{"rendered":"Partit boig de l&#8217;Alev\u00ed E al Municipal Menorca-St.Mart\u00ed Proven\u00e7al"},"content":{"rendered":"<p>L&#8217;Alev\u00ed E va guanyar 6-8 davant un combatiu CE PB Barcino G.<\/p>\n<p>Partit molt estrany\u00a0del nostre alev\u00ed que va comen\u00e7ar adormit, encaixant l&#8217;1-0 als 30 segons. La Grama va reaccionar i va aconseguir posar-se per davant amb un gol en pr\u00f2pia porta i altres d&#8217;Antonio Sebasti\u00e1n i Emili Alejandro. Les baixes es van notar per\u00f2 els colomencs van aconseguir anar sempre per davant, i jugant b\u00e9.<\/p>\n<p>En cap moment van poder relaxar-se\u00a0perqu\u00e8 el rival s&#8217;enganxava al partit molt r\u00e0pid. Barcino va fer el 2-3, \u00cdker va marcar el 2-4 i despr\u00e9s arribarien dos gols dels locals per empatar. Abans del final del tercer quart Juan Cort\u00e9s va marcar el 4-5. A l&#8217;\u00faltim quart la Fundaci\u00f3 es va posar 4-8 amb dos gols de Daniel P\u00e9rez i un de Guillem per\u00f2 l&#8217;avantatge es veuria redu\u00efda a un 6-8.<\/p>\n<p><a href=\"http:\/\/fegrama.cat\/web\/wp-content\/uploads\/2016\/10\/alevE.jpg\"><img loading=\"lazy\" decoding=\"async\" class=\"aligncenter\" alt=\"alevE\" src=\"http:\/\/fegrama.cat\/web\/wp-content\/uploads\/2016\/10\/alevE.jpg\" width=\"634\" height=\"433\" \/><\/a><\/p>\n<p>El Alev\u00edn E gan\u00f3 6-8 ante un combativo CE PB Barcino G.<\/p>\n<p>Partido muy raro de nuestro alev\u00edn que empez\u00f3 dormido, encajando el 1-0 a los 30 segundos. La Grama reaccion\u00f3 y consigui\u00f3 ponerse por delante con un gol en propia puerta y otros de Antonio Sebasti\u00e1n y Emili Alejandro. Las bajas se notaron pero los colomenses consiguieron ir siempre por delante, y jugando bien.<\/p>\n<p>En ning\u00fan momento pudieron relajarse porqu\u00e9 el rival se enganchaba al partido muy r\u00e1pido. Barcino hizo el 2-3, \u00cdker marc\u00f3 el 2-4 y despu\u00e9s llegar\u00edan dos goles de los locales para empatar. Antes del final del tercer cuarto Juan Cort\u00e9s marc\u00f3 el 4-5. En el \u00faltimo cuarto la Fundaci\u00f3 se puso 4-8 con dos goles de Daniel P\u00e9rez y uno de Guillem pero la ventaja se ver\u00eda reducida a un 6-8.<\/p>\n","protected":false},"excerpt":{"rendered":"<p>L&#8217;Alev\u00ed E va guanyar 6-8 davant un combatiu CE PB Barcino G. Partit molt estrany\u00a0del nostre alev\u00ed que va comen\u00e7ar adormit, encaixant l&#8217;1-0 als 30 segons. La Grama va reaccionar i va aconseguir posar-se per davant amb un gol en pr\u00f2pia porta i altres d&#8217;Antonio Sebasti\u00e1n i Emili Alejandro. Les baixes es van notar per\u00f2 [&hellip;]<\/p>\n","protected":false},"author":1,"featured_media":17844,"comment_status":"closed","ping_status":"closed","sticky":false,"template":"","format":"standard","meta":{"footnotes":""},"categories":[10,4],"tags":[24],"class_list":["post-18835","post","type-post","status-publish","format-standard","has-post-thumbnail","hentry","category-alevins","category-base-inclusiu","tag-fundacio-esportiva-grama"],"_links":{"self":[{"href":"http:\/\/fegrama.cat\/web\/wp-json\/wp\/v2\/posts\/18835","targetHints":{"allow":["GET"]}}],"collection":[{"href":"http:\/\/fegrama.cat\/web\/wp-json\/wp\/v2\/posts"}],"about":[{"href":"http:\/\/fegrama.cat\/web\/wp-json\/wp\/v2\/types\/post"}],"author":[{"embeddable":true,"href":"http:\/\/fegrama.cat\/web\/wp-json\/wp\/v2\/users\/1"}],"replies":[{"embeddable":true,"href":"http:\/\/fegrama.cat\/web\/wp-json\/wp\/v2\/comments?post=18835"}],"version-history":[{"count":1,"href":"http:\/\/fegrama.cat\/web\/wp-json\/wp\/v2\/posts\/18835\/revisions"}],"predecessor-version":[{"id":18836,"href":"http:\/\/fegrama.cat\/web\/wp-json\/wp\/v2\/posts\/18835\/revisions\/18836"}],"wp:featuredmedia":[{"embeddable":true,"href":"http:\/\/fegrama.cat\/web\/wp-json\/wp\/v2\/media\/17844"}],"wp:attachment":[{"href":"http:\/\/fegrama.cat\/web\/wp-json\/wp\/v2\/media?parent=18835"}],"wp:term":[{"taxonomy":"category","embeddable":true,"href":"http:\/\/fegrama.cat\/web\/wp-json\/wp\/v2\/categories?post=18835"},{"taxonomy":"post_tag","embeddable":true,"href":"http:\/\/fegrama.cat\/web\/wp-json\/wp\/v2\/tags?post=18835"}],"curies":[{"name":"wp","href":"https:\/\/api.w.org\/{rel}","templated":true}]}}