{"id":18832,"date":"2016-12-18T17:27:28","date_gmt":"2016-12-18T16:27:28","guid":{"rendered":"http:\/\/fegrama.cat\/web\/?p=18832"},"modified":"2016-12-18T17:27:28","modified_gmt":"2016-12-18T16:27:28","slug":"resums-de-les-escoles-16-i-17-de-desembre","status":"publish","type":"post","link":"http:\/\/fegrama.cat\/web\/resums-de-les-escoles-16-i-17-de-desembre\/","title":{"rendered":"Resums de les Escoles (16 i 17 de desembre)"},"content":{"rendered":"<p><a href=\"http:\/\/fegrama.cat\/web\/wp-content\/uploads\/2016\/11\/EA.jpg\"><img loading=\"lazy\" decoding=\"async\" class=\"aligncenter\" alt=\"EA\" src=\"http:\/\/fegrama.cat\/web\/wp-content\/uploads\/2016\/11\/EA.jpg\" width=\"640\" height=\"337\" \/><\/a><\/p>\n<p><strong>CF Lloreda 1-5 ESCOLA A\u00a0<\/strong><\/p>\n<p>El l\u00edder invicte de la lliga va sumar una nova vict\u00f2ria en un partit molt suau i sense gaire compet\u00e8ncia. La Grama va aprofitar per variar posicions i tots van tenir molts minuts. Amb un somriure i bon futbol tanquen l&#8217;any.<\/p>\n<p>El l\u00edder invicto de la liga sum\u00f3 una nueva victoria en un partido muy suave y sin mucha competencia. La Grama aprovech\u00f3 para variar posiciones y todos tuvieron muchos minutos. Con una sonrisa y buen f\u00fatbol cierran el a\u00f1o.<\/p>\n<div><a href=\"http:\/\/fegrama.cat\/web\/wp-content\/uploads\/2016\/12\/EB.jpg\"><img loading=\"lazy\" decoding=\"async\" class=\"aligncenter\" alt=\"EB\" src=\"http:\/\/fegrama.cat\/web\/wp-content\/uploads\/2016\/12\/EB.jpg\" width=\"555\" height=\"371\" \/><\/a><\/div>\n<div><\/div>\n<div><strong>ESCUELA B 9-0 AE Bon Pastor<\/strong><\/div>\n<p>Partit dif\u00edcil, per\u00f2 de la m\u00e0 de Ziad i Pol es va quedar en un resultat amb una gran difer\u00e8ncia. Els nois m\u00e9s petits, van mantenir la difer\u00e8ncia, i la defensa de Paul, Joel, Alan i els dos Izan, van ajudar a que Sergio mantingu\u00e9s la porteria a 0, a dalt Edwin, Hugo i Aleix van fer un bon paper al costat dels gols de Pol i Ziad. Amb vict\u00f2ria es comen\u00e7a una segona volta que pinta molt b\u00e9 per aquests petits.<\/p>\n<p>Partido dif\u00edcil, pero de la mano de Ziad y Pol se qued\u00f3 en un resultado con una gran diferencia. Los chicos m\u00e1s peque\u00f1os, mantuvieron la diferencia, y la defensa de Paul, Joel, Alan y los dos Izan, ayudaron a que Sergio mantuviera la porter\u00eda a 0, arriba Edwin, Hugo y Aleix hicieron un buen papel junto a los goles de Pol y Ziad. Con victoria se empieza una segunda vuelta que pinta muy bien para estos peque\u00f1os.<\/p>\n<div><a href=\"http:\/\/fegrama.cat\/web\/wp-content\/uploads\/2016\/12\/EC.jpg\"><img loading=\"lazy\" decoding=\"async\" class=\"aligncenter\" alt=\"EC\" src=\"http:\/\/fegrama.cat\/web\/wp-content\/uploads\/2016\/12\/EC.jpg\" width=\"554\" height=\"371\" \/><\/a><\/div>\n<div><\/div>\n<div><strong>ESCOLA C 7-0 CF Singuerl\u00edn<\/strong><\/div>\n<p>El derbi d&#8217;escoles i entre els dos primers de la lliga es va decantar del costat de color blau. Enorme partit de la Grama que va ser superior al seu rival i que un cop m\u00e9s van deixar la porteria a zero, nom\u00e9s un gol encaixat en el que portem. Els gols d&#8217;\u00cdker (3), Leo (2), Pach\u00f3n i Joel van donar la vict\u00f2ria al ja nou l\u00edder del Grup C de Promeses de Cadeca.<\/p>\n<p>El derbi de escuelas y entre los dos primeros de la liga se decant\u00f3 del lado de color azul. Enorme partido de la Grama que fue superior a su rival y que una vez m\u00e1s dejaron la porter\u00eda a cero, s\u00f3lo un gol encajado en lo que llevamos. Los goles de \u00cdker (3), Leo (2), Pach\u00f3n y Joel dieron la victoria al ya nuevo l\u00edder del Grupo C de Promesas de Cadeca.<\/p>\n","protected":false},"excerpt":{"rendered":"<p>CF Lloreda 1-5 ESCOLA A\u00a0 El l\u00edder invicte de la lliga va sumar una nova vict\u00f2ria en un partit molt suau i sense gaire compet\u00e8ncia. La Grama va aprofitar per variar posicions i tots van tenir molts minuts. Amb un somriure i bon futbol tanquen l&#8217;any. El l\u00edder invicto de la liga sum\u00f3 una nueva [&hellip;]<\/p>\n","protected":false},"author":1,"featured_media":5107,"comment_status":"closed","ping_status":"closed","sticky":false,"template":"","format":"standard","meta":{"footnotes":""},"categories":[4,33],"tags":[24,802,130],"class_list":["post-18832","post","type-post","status-publish","format-standard","has-post-thumbnail","hentry","category-base-inclusiu","category-escola-diari-feg","tag-fundacio-esportiva-grama","tag-municipal-les-oliveres","tag-santa-coloma-de-gramenet"],"_links":{"self":[{"href":"http:\/\/fegrama.cat\/web\/wp-json\/wp\/v2\/posts\/18832","targetHints":{"allow":["GET"]}}],"collection":[{"href":"http:\/\/fegrama.cat\/web\/wp-json\/wp\/v2\/posts"}],"about":[{"href":"http:\/\/fegrama.cat\/web\/wp-json\/wp\/v2\/types\/post"}],"author":[{"embeddable":true,"href":"http:\/\/fegrama.cat\/web\/wp-json\/wp\/v2\/users\/1"}],"replies":[{"embeddable":true,"href":"http:\/\/fegrama.cat\/web\/wp-json\/wp\/v2\/comments?post=18832"}],"version-history":[{"count":1,"href":"http:\/\/fegrama.cat\/web\/wp-json\/wp\/v2\/posts\/18832\/revisions"}],"predecessor-version":[{"id":18834,"href":"http:\/\/fegrama.cat\/web\/wp-json\/wp\/v2\/posts\/18832\/revisions\/18834"}],"wp:featuredmedia":[{"embeddable":true,"href":"http:\/\/fegrama.cat\/web\/wp-json\/wp\/v2\/media\/5107"}],"wp:attachment":[{"href":"http:\/\/fegrama.cat\/web\/wp-json\/wp\/v2\/media?parent=18832"}],"wp:term":[{"taxonomy":"category","embeddable":true,"href":"http:\/\/fegrama.cat\/web\/wp-json\/wp\/v2\/categories?post=18832"},{"taxonomy":"post_tag","embeddable":true,"href":"http:\/\/fegrama.cat\/web\/wp-json\/wp\/v2\/tags?post=18832"}],"curies":[{"name":"wp","href":"https:\/\/api.w.org\/{rel}","templated":true}]}}