{"id":18831,"date":"2016-12-18T17:18:31","date_gmt":"2016-12-18T16:18:31","guid":{"rendered":"http:\/\/fegrama.cat\/web\/?p=18831"},"modified":"2016-12-18T17:18:31","modified_gmt":"2016-12-18T16:18:31","slug":"remuntada-espectacular-de-lalevi-g","status":"publish","type":"post","link":"http:\/\/fegrama.cat\/web\/remuntada-espectacular-de-lalevi-g\/","title":{"rendered":"Remuntada espectacular de l&#8217;Alev\u00ed G"},"content":{"rendered":"<p>L&#8217;Alev\u00ed G va remuntar i va aconseguir una gran vict\u00f2ria per 7-8 davant el FC Sant Mart\u00ed-Condal &#8216;C&#8217;.<\/p>\n<p>La Grama va haver de suar i remuntar un marcador molt gran. Al descans el resultat era de 7-0 favorable als locals, els colomencs no van abaixar els bra\u00e7os i van seguir creient en si mateixos, i aix\u00ed van aconseguir donar-li la volta al marcador en una magistral segona meitat. Tirant tamb\u00e9 d&#8217;orgull van arribar cinc gols en nom\u00e9s quatre minuts.<\/p>\n<p>Un hat-trick d&#8217;H\u00e9ctor unit als gols d&#8217;Adri\u00e1n i Isaac van posar un ajustat 7-5 al final del tercer quart. En l&#8217;\u00faltim els de Daniel Zambrana van seguir lluitant i amb dos gols d&#8217;H\u00e9ctor el xoc es va posar empatat a set. A falta de dos minuts Isaac va aconseguir el definitiu 7-8.<\/p>\n<div><a href=\"http:\/\/fegrama.cat\/web\/wp-content\/uploads\/2016\/11\/AG.jpg\"><img loading=\"lazy\" decoding=\"async\" class=\"aligncenter\" alt=\"AG\" src=\"http:\/\/fegrama.cat\/web\/wp-content\/uploads\/2016\/11\/AG.jpg\" width=\"550\" height=\"354\" \/><\/a><\/div>\n<div><\/div>\n<div>El Alev\u00edn G remont\u00f3 y consigui\u00f3 una gran victoria por 7-8 ante el FC Sant Mart\u00ed-Condal \u2018C\u2019.<\/div>\n<div><\/div>\n<div>La Grama tuvo que sudar y remontar un marcador muy grande. Al descanso el resultado era de 7-0 favorable a los locales, los colomenses no bajaron los brazos y siguieron creyendo en si mismos, y as\u00ed consiguieron darle la vuelta al marcador en una magistral segunda mitad. Tirando tambi\u00e9n de orgullo llegaron cinco goles en apenas cuatro minutos.<\/div>\n<div><\/div>\n<div>Un hat-trick de H\u00e9ctor unido a los goles de Adri\u00e1n e Isaac pusieron un ajustado 7-5 al final del tercer cuarto. En el \u00faltimo los de Daniel Zambrana siguieron luchando y con dos goles de H\u00e9ctor el choque se puso empatado a siete. A falta de dos minutos Isaac logr\u00f3 el definitivo 7-8.<\/div>\n","protected":false},"excerpt":{"rendered":"<p>L&#8217;Alev\u00ed G va remuntar i va aconseguir una gran vict\u00f2ria per 7-8 davant el FC Sant Mart\u00ed-Condal &#8216;C&#8217;. La Grama va haver de suar i remuntar un marcador molt gran. Al descans el resultat era de 7-0 favorable als locals, els colomencs no van abaixar els bra\u00e7os i van seguir creient en si mateixos, i [&hellip;]<\/p>\n","protected":false},"author":1,"featured_media":0,"comment_status":"closed","ping_status":"closed","sticky":false,"template":"","format":"standard","meta":{"footnotes":""},"categories":[10,4],"tags":[24],"class_list":["post-18831","post","type-post","status-publish","format-standard","hentry","category-alevins","category-base-inclusiu","tag-fundacio-esportiva-grama"],"_links":{"self":[{"href":"http:\/\/fegrama.cat\/web\/wp-json\/wp\/v2\/posts\/18831","targetHints":{"allow":["GET"]}}],"collection":[{"href":"http:\/\/fegrama.cat\/web\/wp-json\/wp\/v2\/posts"}],"about":[{"href":"http:\/\/fegrama.cat\/web\/wp-json\/wp\/v2\/types\/post"}],"author":[{"embeddable":true,"href":"http:\/\/fegrama.cat\/web\/wp-json\/wp\/v2\/users\/1"}],"replies":[{"embeddable":true,"href":"http:\/\/fegrama.cat\/web\/wp-json\/wp\/v2\/comments?post=18831"}],"version-history":[{"count":1,"href":"http:\/\/fegrama.cat\/web\/wp-json\/wp\/v2\/posts\/18831\/revisions"}],"predecessor-version":[{"id":18833,"href":"http:\/\/fegrama.cat\/web\/wp-json\/wp\/v2\/posts\/18831\/revisions\/18833"}],"wp:attachment":[{"href":"http:\/\/fegrama.cat\/web\/wp-json\/wp\/v2\/media?parent=18831"}],"wp:term":[{"taxonomy":"category","embeddable":true,"href":"http:\/\/fegrama.cat\/web\/wp-json\/wp\/v2\/categories?post=18831"},{"taxonomy":"post_tag","embeddable":true,"href":"http:\/\/fegrama.cat\/web\/wp-json\/wp\/v2\/tags?post=18831"}],"curies":[{"name":"wp","href":"https:\/\/api.w.org\/{rel}","templated":true}]}}