{"id":18825,"date":"2016-12-18T16:57:37","date_gmt":"2016-12-18T15:57:37","guid":{"rendered":"http:\/\/fegrama.cat\/web\/?p=18825"},"modified":"2016-12-18T17:02:37","modified_gmt":"2016-12-18T16:02:37","slug":"es-menjaran-els-torrons-i-el-raim-com-a-liders","status":"publish","type":"post","link":"http:\/\/fegrama.cat\/web\/es-menjaran-els-torrons-i-el-raim-com-a-liders\/","title":{"rendered":"Es menjaran els torrons i el ra\u00efm com a l\u00edders"},"content":{"rendered":"<p>&nbsp;<\/p>\n<p><img loading=\"lazy\" decoding=\"async\" class=\"aligncenter  wp-image-18826\" alt=\"11BadiaFEG\" src=\"http:\/\/fegrama.cat\/web\/wp-content\/uploads\/2016\/12\/11BadiaFEG.jpg\" width=\"640\" height=\"480\" srcset=\"http:\/\/fegrama.cat\/web\/wp-content\/uploads\/2016\/12\/11BadiaFEG.jpg 800w, http:\/\/fegrama.cat\/web\/wp-content\/uploads\/2016\/12\/11BadiaFEG-300x225.jpg 300w\" sizes=\"auto, (max-width: 640px) 100vw, 640px\" \/><\/p>\n<p>El <strong>Primer Equip de la FE Grama<\/strong> va aconseguir una vict\u00f2ria pl\u00e0cida per <strong>1-5<\/strong> davant el <strong>CD Badia del Vall\u00e8s<\/strong>. La desena vict\u00f2ria de la temporada per tancar l&#8217;any com a l\u00edder del <strong>Grup 2 de Segona Catalana<\/strong>.<\/p>\n<p>Abans del xiulet inicial es va guardar un minut de silenci en mem\u00f2ria de <strong>Josep Ribas<\/strong>, fot\u00f2graf del <strong>CE Matar\u00f3<\/strong>. Sobre la gespa un debut, <strong>Adri\u00e0 Aguilera<\/strong> al costat de Roberto Morales al centre del camp, i molt bon partit del jove futbolista. La Grama va sortir forta, intensa i atabalant al seu rival des de l&#8217;inici. Amb aquesta gran arrencada arribaria el <strong>0-1<\/strong>, <strong>Juba\u00a0<\/strong><em>(molt actiu avui)<\/em>\u00a0amb un bon centre assistia a <strong>Mora<\/strong> que de cap obria el marcador i al minut 5.<\/p>\n<p>M\u00e9s tard el pal es ficaria en el cam\u00ed de Mora i tamb\u00e9 fallaria una davant del porter, sens dubte la velocitat posada en el joc facilitava la bona feina del &#8216;Ca\u00f1onero&#8217; a la davantera. Durant tan sols deu minuts el <strong>Badia<\/strong> es va acostar amb perill a l&#8217;\u00e0rea de <strong>Pau<\/strong>, xutant una vegada i penjant alguna pilota. Semblava que la Fundaci\u00f3 s&#8217;havia relaxat per\u00f2 controlaven la situaci\u00f3 amb un molt segur <strong>Juan Carlos<\/strong> al centre de la defensa.<\/p>\n<p><img loading=\"lazy\" decoding=\"async\" class=\"aligncenter\" alt=\"\" src=\"https:\/\/lh3.googleusercontent.com\/LDVMoYNshlpmAODoC8HFCkszlGCTcxxTJ1rho0Mt8lVFaOD9PEdc2vW36YiLVVgMRt-IQqjSZ7D5jKyhafd4bqrPnggthOyuByOVPmu47UgqhN73P2wfkitvECkPwlVLiQ7KkLttiZWKsg6hJvsE65uPZcMKYmcYThsK20twJgk2ttVP2oXve-PSlGgjwP-kLCc3YM8WdhgD0k6dfKZ_c8RepJcNd4HQbFbHPjbTTCnG8gEq9EzzG584eDO7zaPitDYuD6v6ubDc3Kz-3YpYpOY4W0uAa6lRnPCa87JVN1lBR300RFXjZDphuYp1PF-oz12YLcyP0sCg8dY8aTpzCYiiAzLWZoF95kPni6pbiIX5SxILAWd7xq59fg72HbyvH4r691iwAJARpfyeqBQmEasNqNoYMumI6GZxvxevDG3Iv8Qudj_jbOeKDmjvS2Gp2XUeLla8d5qDA-hStOKGM1EGbYmM-2lgQYgfa8Z8Ep-F2Vyc_Kf2ioWOOYNwPnk1_2Unr6SHEiQDb36Ib3sh_2V4aa7XTd_H9VmY8_VcgGHRFL_Ssr8LvNc5A2csBnNV3rKblgyqhlzD-yC5odEAtz-lJEFeahr2WktRrRT8tjZv2Kil9RcA9oKWN-y1UPcY_0dVOHsWsxeUNwbW9lnQZ9TyUkJGxhC36PjxFa3NxGo=w851-h638-no\" width=\"596\" height=\"447\" \/><\/p>\n<p>De nou els de <strong>Dani Andreu<\/strong> es van fer els amos de la pilota comandats per<strong> Sorbas<\/strong> i <strong>Roberto<\/strong>, creant perill per les bandes de dos explosius <strong>Omar<\/strong> i <strong>Peque<\/strong>. Al minut 38 <strong>Mora<\/strong> rebia una passada en profunditat i definia amb qualitat en l&#8217;1 contra 1 per posar el <strong>0-2<\/strong>. I abans del descans <strong>Omar<\/strong> de cap en un c\u00f3rner ben llan\u00e7at per Roberto marcava el tercer del seu equip.<\/p>\n<p>A la segona meitat mateix gui\u00f3, la <strong>Grama<\/strong> dominava pl\u00e0cidament i rondava el gol en cada jugada d&#8217;atac. Les ocasions seguien arribant per\u00f2 el gol es resistia fins que al 71 una bona centrada de <strong>Peque<\/strong> va ser rematat de cap per <strong>Mora<\/strong> que aconseguia el seu <strong>hat-trick<\/strong>. Cinc minuts despr\u00e9s arribaria el gol de l&#8217;honor,<strong> Adri\u00e1n Arenas<\/strong> marcava l&#8217;<strong>1-4<\/strong> per al Badia.<\/p>\n<p>D&#8217;aqu\u00ed al final m\u00e9s acostaments dels colomencs que van veure com un centre de<strong> Montero<\/strong> impactava al travesser, tamb\u00e9 com<strong> Lamin<\/strong> de xut creuat marcava l&#8217;<strong>1-5<\/strong> i finalment com<strong> De Sande<\/strong> de falta s&#8217;estavellava amb el travesser. Aix\u00ed amb un somriure se&#8217;n van els nostres jugadors l&#8217;aturada nadalenca.<\/p>\n<p><strong>FOTOS DEL PARTIT:\u00a0<\/strong><a href=\"https:\/\/goo.gl\/photos\/8djCgSXsEGMBEEacA\" target=\"_blank\">https:\/\/goo.gl\/photos\/8djCgSXsEGMBEEacA<\/a><\/p>\n<p style=\"text-align: right;\"><strong><a href=\"http:\/\/fcf.cat\/classificacio\/1617\/futbol-11\/segona-catalana\/grup-2\" target=\"_blank\">CLASIFICACI\u00d3N<\/a><\/strong><\/p>\n<p style=\"text-align: center;\"><a href=\"http:\/\/fegrama.cat\/web\/wp-content\/uploads\/2016\/12\/fichabadiafeg.jpg\"><img loading=\"lazy\" decoding=\"async\" class=\"aligncenter  wp-image-18827\" alt=\"fichabadiafeg\" src=\"http:\/\/fegrama.cat\/web\/wp-content\/uploads\/2016\/12\/fichabadiafeg.jpg\" width=\"602\" height=\"736\" \/><\/a><\/p>\n<p>El <strong>Primer Equipo de la FE Grama<\/strong> consigui\u00f3 una victoria placida por <strong>1-5<\/strong> ante el <strong>CD Badia del Vall\u00e8s.<\/strong> La d\u00e9cima victoria de la temporada para cerrar el a\u00f1o como l\u00edder del<strong> Grupo 2 de Segunda Catalana<\/strong>.<\/p>\n<p>Antes del pitido inicial se guard\u00f3 un minuto de silencio en memoria de<strong> Josep Ribas<\/strong>, fot\u00f3grafo del <strong>CE Matar\u00f3<\/strong>. Sobre el c\u00e9sped un debut, <strong>Adri\u00e0 Aguilera<\/strong> al lado de Roberto Morales en el centro del campo, y muy buen partido del joven futbolista. La Grama sali\u00f3 fuerte, intensa y agobiando a su rival desde el inicio. Con este gran arranque llegar\u00eda el<strong> 0-1<\/strong>, <strong>Juba<\/strong>\u00a0<em>(muy activo hoy)<\/em> con un buen centro asist\u00eda a <strong>Mora<\/strong> que de cabeza abr\u00eda el marcador e el minuto 5.<\/p>\n<p>M\u00e1s tarde el palo se meter\u00eda en el camino de Mora y tambi\u00e9n fallar\u00eda una delante del portero, sin duda la velocidad puesta en el juego facilitaba el buen trabajo del Ca\u00f1onero en la delantera. Durante tan s\u00f3lo diez minutos el Badia se acerc\u00f3 con peligro al \u00e1rea de <strong>Pau<\/strong>, chutando una vez y colgando alguna pelota. Parec\u00eda que la Fundaci\u00f3 se hab\u00eda relajado pero controlaban la situaci\u00f3n con un muy seguro <strong>Juan Carlos<\/strong> en el centro de la defensa.<\/p>\n<p>De nuevo los de <strong>Dani Andreu<\/strong> se hicieron los due\u00f1os del bal\u00f3n comandados por<strong> Sorbas<\/strong> y <strong>Roberto,<\/strong> creando peligro por las bandas de dos explosivos <strong>Omar<\/strong> y <strong>Peque<\/strong>. En el minuto 38 <strong>Mora<\/strong> recib\u00eda un pase en profundidad y defin\u00eda con calidad en el 1 contra 1 para poner el 0-2. Y antes del descanso <strong>Omar<\/strong> de cabeza en un saque de esquina bien lanzado por Roberto marcaba el tercero de su equipo.<\/p>\n<p>En la segunda mitad mismo gui\u00f3n, la Grama dominaba pl\u00e1cidamente y rondaba el gol en cada jugada de ataque. Las ocasiones segu\u00edan llegando pero el gol se resist\u00eda hasta que en el 71 un buen centro de <strong>Peque<\/strong> fue rematado de cabeza por<strong> Mora<\/strong> que consegu\u00eda su &#8216;<strong>hat-trick<\/strong>&#8216;. Cinco minutos despu\u00e9s llegar\u00eda el gol del honor, <strong>Adri\u00e1n Arenas<\/strong> marcaba el 1-4 para el Badia.<\/p>\n<p>De aqu\u00ed al final m\u00e1s acercamientos de los colomenses que vieron como un centro de <strong>Montero<\/strong> impactaba en el larguero, tambi\u00e9n como <strong>Lamin<\/strong> de tiro cruzado marcaba el <strong>1-5<\/strong> y finalmente como<strong> De Sande<\/strong> de falta se estrellaba con el larguero. As\u00ed con una sonrisa se marchan nuestros jugadores al par\u00f3n navide\u00f1o.<\/p>\n","protected":false},"excerpt":{"rendered":"<p>&nbsp; El Primer Equip de la FE Grama va aconseguir una vict\u00f2ria pl\u00e0cida per 1-5 davant el CD Badia del Vall\u00e8s. La desena vict\u00f2ria de la temporada per tancar l&#8217;any com a l\u00edder del Grup 2 de Segona Catalana. Abans del xiulet inicial es va guardar un minut de silenci en mem\u00f2ria de Josep Ribas, [&hellip;]<\/p>\n","protected":false},"author":1,"featured_media":18826,"comment_status":"closed","ping_status":"closed","sticky":false,"template":"","format":"standard","meta":{"footnotes":""},"categories":[4,5],"tags":[24,1107],"class_list":["post-18825","post","type-post","status-publish","format-standard","has-post-thumbnail","hentry","category-base-inclusiu","category-primer-equip","tag-fundacio-esportiva-grama","tag-segunda-catalana"],"_links":{"self":[{"href":"http:\/\/fegrama.cat\/web\/wp-json\/wp\/v2\/posts\/18825","targetHints":{"allow":["GET"]}}],"collection":[{"href":"http:\/\/fegrama.cat\/web\/wp-json\/wp\/v2\/posts"}],"about":[{"href":"http:\/\/fegrama.cat\/web\/wp-json\/wp\/v2\/types\/post"}],"author":[{"embeddable":true,"href":"http:\/\/fegrama.cat\/web\/wp-json\/wp\/v2\/users\/1"}],"replies":[{"embeddable":true,"href":"http:\/\/fegrama.cat\/web\/wp-json\/wp\/v2\/comments?post=18825"}],"version-history":[{"count":3,"href":"http:\/\/fegrama.cat\/web\/wp-json\/wp\/v2\/posts\/18825\/revisions"}],"predecessor-version":[{"id":18830,"href":"http:\/\/fegrama.cat\/web\/wp-json\/wp\/v2\/posts\/18825\/revisions\/18830"}],"wp:featuredmedia":[{"embeddable":true,"href":"http:\/\/fegrama.cat\/web\/wp-json\/wp\/v2\/media\/18826"}],"wp:attachment":[{"href":"http:\/\/fegrama.cat\/web\/wp-json\/wp\/v2\/media?parent=18825"}],"wp:term":[{"taxonomy":"category","embeddable":true,"href":"http:\/\/fegrama.cat\/web\/wp-json\/wp\/v2\/categories?post=18825"},{"taxonomy":"post_tag","embeddable":true,"href":"http:\/\/fegrama.cat\/web\/wp-json\/wp\/v2\/tags?post=18825"}],"curies":[{"name":"wp","href":"https:\/\/api.w.org\/{rel}","templated":true}]}}