{"id":18823,"date":"2016-12-17T17:55:44","date_gmt":"2016-12-17T16:55:44","guid":{"rendered":"http:\/\/fegrama.cat\/web\/?p=18823"},"modified":"2016-12-17T17:55:44","modified_gmt":"2016-12-17T16:55:44","slug":"lalevi-benjami-va-golejar-al-masnou-at","status":"publish","type":"post","link":"http:\/\/fegrama.cat\/web\/lalevi-benjami-va-golejar-al-masnou-at\/","title":{"rendered":"L&#8217;Alev\u00ed-Benjam\u00ed va golejar al Masnou At."},"content":{"rendered":"<p>L&#8217;Alev\u00ed-Benjam\u00ed Femen\u00ed va golejar 15-4 al Masnou At., acomiadant l&#8217;any en tercera posici\u00f3 i deixant una gran impressi\u00f3 i evoluci\u00f3.<\/p>\n<p>Des del xiulet inicial i fins al final les noies de Jordi P\u00e9rez van dominar absolutament el partit, possiblement el millor a nivell d&#8217;equip. Van jugar la pilota com mai, creant jugades tot i la petita dimensi\u00f3 del camp, finalitzant amb gran efic\u00e0cia. Perfectament posicionades al camp, demostrant gran companyonia, circulant la pilota com ho fan els grans equips.<\/p>\n<p>Van marcar: Ainara Maya (5), Maria Llorens (4), Naiara Jim\u00e9nez (3), Laura Segura (2) i Judith Repullo. Aix\u00ed totes les nostres f\u00e8mines ens han desitjat un bon nadal i feli\u00e7 any nou amb molt bon joc.<\/p>\n<p><a href=\"http:\/\/fegrama.cat\/web\/wp-content\/uploads\/2016\/10\/alevben.jpg\"><img loading=\"lazy\" decoding=\"async\" class=\"aligncenter\" alt=\"alevben\" src=\"http:\/\/fegrama.cat\/web\/wp-content\/uploads\/2016\/10\/alevben.jpg\" width=\"640\" height=\"481\" \/><\/a><\/p>\n<p>El Alev\u00edn-Benjam\u00edn Femenino gole\u00f3 15-4 al Masnou At., despidiendo el a\u00f1o en tercera posici\u00f3n y dejando una gran impresi\u00f3n y evoluci\u00f3n.<\/p>\n<p>Desde el pitido inicial y hasta el final las chicas de Jordi P\u00e9rez dominaron absolutamente el partido, posiblemente el mejor a nivel de equipo. Jugaron el bal\u00f3n como nunca, creando jugadas a pesar de la peque\u00f1a dimensi\u00f3n del campo, finalizando con gran eficacia. Perfectamente posicionadas en el campo, demostrando gran compa\u00f1erismo, circulando la pelota como lo hacen los grandes equipos.<\/p>\n<p>Marcaron: Ainara Maya (5), Maria Llorens (4), Naiara Jim\u00e9nez (3), Laura Segura (2) y Judith Repullo. As\u00ed todas nuestras f\u00e9minas nos han deseado una feliz navidad y pr\u00f3spero a\u00f1o nuevo con muy buen juego.<\/p>\n","protected":false},"excerpt":{"rendered":"<p>L&#8217;Alev\u00ed-Benjam\u00ed Femen\u00ed va golejar 15-4 al Masnou At., acomiadant l&#8217;any en tercera posici\u00f3 i deixant una gran impressi\u00f3 i evoluci\u00f3. Des del xiulet inicial i fins al final les noies de Jordi P\u00e9rez van dominar absolutament el partit, possiblement el millor a nivell d&#8217;equip. Van jugar la pilota com mai, creant jugades tot i la [&hellip;]<\/p>\n","protected":false},"author":1,"featured_media":0,"comment_status":"closed","ping_status":"closed","sticky":false,"template":"","format":"standard","meta":{"footnotes":""},"categories":[4,13],"tags":[24,802],"class_list":["post-18823","post","type-post","status-publish","format-standard","hentry","category-base-inclusiu","category-femeni","tag-fundacio-esportiva-grama","tag-municipal-les-oliveres"],"_links":{"self":[{"href":"http:\/\/fegrama.cat\/web\/wp-json\/wp\/v2\/posts\/18823","targetHints":{"allow":["GET"]}}],"collection":[{"href":"http:\/\/fegrama.cat\/web\/wp-json\/wp\/v2\/posts"}],"about":[{"href":"http:\/\/fegrama.cat\/web\/wp-json\/wp\/v2\/types\/post"}],"author":[{"embeddable":true,"href":"http:\/\/fegrama.cat\/web\/wp-json\/wp\/v2\/users\/1"}],"replies":[{"embeddable":true,"href":"http:\/\/fegrama.cat\/web\/wp-json\/wp\/v2\/comments?post=18823"}],"version-history":[{"count":1,"href":"http:\/\/fegrama.cat\/web\/wp-json\/wp\/v2\/posts\/18823\/revisions"}],"predecessor-version":[{"id":18824,"href":"http:\/\/fegrama.cat\/web\/wp-json\/wp\/v2\/posts\/18823\/revisions\/18824"}],"wp:attachment":[{"href":"http:\/\/fegrama.cat\/web\/wp-json\/wp\/v2\/media?parent=18823"}],"wp:term":[{"taxonomy":"category","embeddable":true,"href":"http:\/\/fegrama.cat\/web\/wp-json\/wp\/v2\/categories?post=18823"},{"taxonomy":"post_tag","embeddable":true,"href":"http:\/\/fegrama.cat\/web\/wp-json\/wp\/v2\/tags?post=18823"}],"curies":[{"name":"wp","href":"https:\/\/api.w.org\/{rel}","templated":true}]}}