{"id":18817,"date":"2016-12-17T16:49:49","date_gmt":"2016-12-17T15:49:49","guid":{"rendered":"http:\/\/fegrama.cat\/web\/?p=18817"},"modified":"2016-12-19T18:44:22","modified_gmt":"2016-12-19T17:44:22","slug":"linfantil-d-va-empatar-contra-el-don-bosco","status":"publish","type":"post","link":"http:\/\/fegrama.cat\/web\/linfantil-d-va-empatar-contra-el-don-bosco\/","title":{"rendered":"L&#8217;Infantil D va empatar contra el Don Bosco"},"content":{"rendered":"<p>L&#8217;Infantil D va sumar un punt despr\u00e9s d&#8217;empatar, 2-2, davant el CF Don Bosco B.<\/p>\n<p>Bon partit dels colomencs que van estar molt b\u00e9 en els primers 35 minuts de joc. Els de Marc Ten van tenir el control total per\u00f2 la sort la van tenir els visitants que es van avan\u00e7ar al marcador (0-1, min.19). Als 24 minuts H\u00e9ctor Garc\u00eda va empatar el partit, i amb aquest 1-1 van marxar els dos equips a vestidors.<\/p>\n<p>A la segona part hi va haver m\u00e9s descontrol sobre el terreny de joc i aix\u00f2 no li va afavorir a la Grama. Nicolas Del Oro a quatre minuts del xiulet final va aconseguir l&#8217;empat. Bon resultat per\u00f2 per ocasions la Fundaci\u00f3 va mer\u00e8ixer guanyar.<\/p>\n<p><strong>FOTOS:\u00a0<\/strong><a href=\"https:\/\/goo.gl\/photos\/ejHCHMr4fPBPyHEfA\" target=\"_blank\">https:\/\/goo.gl\/photos\/ejHCHMr4fPBPyHEfA<\/a><\/p>\n<p><img loading=\"lazy\" decoding=\"async\" class=\"aligncenter\" alt=\"\" src=\"https:\/\/lh3.googleusercontent.com\/_ScyfI4VGEFsR9y-brLQuimt7CnpmPY1g-XS8s_vmBfXSQ_bEnbXwxrcUA-qkqI5XZ7mJUOjfQKghigqUAxvp8_il3SPSp4DtKyVrl_YBQIQE-ltFNc7aPk3rmjzR18yB3SPSNz8Yq1duNNZ5d4dxsmBUb4JYOVBUDxywys0U1J5NUlAdgzyZQ6ODftkEKmnBJnhJTNFwRdigrL4AmMV1udm4lmCwTi9T5xAg2IplyuElNiiYjXgRdZSLVk2CNX9YFLKCzRDm19z7uNZ95HmLzdsNatCKq6E4f2KqkIaObLuDXFXqF1ZH7rNDzqznMQ76rRc6GWP5-ph1TyOqtuyhwJOGwxndjenCp1PAttlVVxKpZrn2gUIlg5bq3GGRhqKjstPB90nrNVQ9gAcovZDW3Mp-OrY0TG7AiP5bh-P-ncKtx1I8ESULedstViMUUNSbbwG0uRGydCwv6miVn2bAg1cHztD6o152u_0Nn-fwAX3AwHgYEbkv6uffibuosuUNgCsQa_pJLCUtyNtbIhmH0jUWq1ryGcS3Yw5vZhtNfpIIFbdQct_A9qjJZvG6ZXjuzahhmLhEu32JgmDpkdqxF9bN-SHkkG32Mc8K7mCoJKXDVeLaI9hCN8-kYeGmF43VSDNzESxzqhpSjy1Si6F_frIjwMXE5mepcUo8r0ZjRg=w1194-h895-no\" width=\"669\" height=\"502\" \/><\/p>\n<p>&nbsp;<\/p>\n<p>El Infantil D sum\u00f3 un punto tras empatar, 2-2, ante el CF Don Bosco B.<\/p>\n<p>Buen partido de los colomenses que estuvieron muy bien en los primeros 35 minutos de juego. Los de Marc Ten tuvieron el control total pero la suerte la tuvieron los visitantes que se adelantaron en el marcador (0-1, min.19). A los 24 minutos H\u00e9ctor Garc\u00eda empat\u00f3 el partido, y con ese 1-1 se marcharon los dos equipos a vestuarios.<\/p>\n<p>En la segunda parte hubo m\u00e1s descontrol sobre el terreno de juego y eso no le favoreci\u00f3 a la Grama. Nicolas Del Oro a cuatro minutos del pitido final consigui\u00f3 el empate. Buen resultado pero por ocasiones la Fundaci\u00f3 mereci\u00f3 ganar.<\/p>\n","protected":false},"excerpt":{"rendered":"<p>L&#8217;Infantil D va sumar un punt despr\u00e9s d&#8217;empatar, 2-2, davant el CF Don Bosco B. Bon partit dels colomencs que van estar molt b\u00e9 en els primers 35 minuts de joc. Els de Marc Ten van tenir el control total per\u00f2 la sort la van tenir els visitants que es van avan\u00e7ar al marcador (0-1, [&hellip;]<\/p>\n","protected":false},"author":1,"featured_media":304,"comment_status":"closed","ping_status":"closed","sticky":false,"template":"","format":"standard","meta":{"footnotes":""},"categories":[4,9],"tags":[24,55],"class_list":["post-18817","post","type-post","status-publish","format-standard","has-post-thumbnail","hentry","category-base-inclusiu","category-infantils","tag-fundacio-esportiva-grama","tag-nou-municipal-de-santa-coloma"],"_links":{"self":[{"href":"http:\/\/fegrama.cat\/web\/wp-json\/wp\/v2\/posts\/18817","targetHints":{"allow":["GET"]}}],"collection":[{"href":"http:\/\/fegrama.cat\/web\/wp-json\/wp\/v2\/posts"}],"about":[{"href":"http:\/\/fegrama.cat\/web\/wp-json\/wp\/v2\/types\/post"}],"author":[{"embeddable":true,"href":"http:\/\/fegrama.cat\/web\/wp-json\/wp\/v2\/users\/1"}],"replies":[{"embeddable":true,"href":"http:\/\/fegrama.cat\/web\/wp-json\/wp\/v2\/comments?post=18817"}],"version-history":[{"count":3,"href":"http:\/\/fegrama.cat\/web\/wp-json\/wp\/v2\/posts\/18817\/revisions"}],"predecessor-version":[{"id":18888,"href":"http:\/\/fegrama.cat\/web\/wp-json\/wp\/v2\/posts\/18817\/revisions\/18888"}],"wp:featuredmedia":[{"embeddable":true,"href":"http:\/\/fegrama.cat\/web\/wp-json\/wp\/v2\/media\/304"}],"wp:attachment":[{"href":"http:\/\/fegrama.cat\/web\/wp-json\/wp\/v2\/media?parent=18817"}],"wp:term":[{"taxonomy":"category","embeddable":true,"href":"http:\/\/fegrama.cat\/web\/wp-json\/wp\/v2\/categories?post=18817"},{"taxonomy":"post_tag","embeddable":true,"href":"http:\/\/fegrama.cat\/web\/wp-json\/wp\/v2\/tags?post=18817"}],"curies":[{"name":"wp","href":"https:\/\/api.w.org\/{rel}","templated":true}]}}