{"id":18463,"date":"2016-11-20T20:03:31","date_gmt":"2016-11-20T19:03:31","guid":{"rendered":"http:\/\/fegrama.cat\/web\/?p=18463"},"modified":"2016-11-20T20:03:31","modified_gmt":"2016-11-20T19:03:31","slug":"golejada-de-lalevi-e-a-la-trinitat","status":"publish","type":"post","link":"http:\/\/fegrama.cat\/web\/golejada-de-lalevi-e-a-la-trinitat\/","title":{"rendered":"Golejada de l&#8217;Alev\u00ed E a la Trinitat"},"content":{"rendered":"<p>L&#8217;Alev\u00ed E es va recuperar de la derrota de la setmana passada golejant 8-2 al CD Trinitat B.<\/p>\n<p>Bon partit dels colomencs davant un rival que no va poder fer davant del vendaval local. Sense tanta intensitat per\u00f2 amb gran joc la Grama va guanyar amb facilitat i molts gols. Emili amb dos gols, Juan Cort\u00e9s, Guillem, V\u00edctor, \u00cdker, Antonio Sebasti\u00e1n i Nil van marcar els gols de la Fundaci\u00f3 al Nou Municipal.<\/p>\n<p><a href=\"http:\/\/fegrama.cat\/web\/wp-content\/uploads\/2016\/10\/alevE.jpg\"><img loading=\"lazy\" decoding=\"async\" class=\"aligncenter\" alt=\"alevE\" src=\"http:\/\/fegrama.cat\/web\/wp-content\/uploads\/2016\/10\/alevE.jpg\" width=\"634\" height=\"433\" \/><\/a><\/p>\n<p>El Alev\u00edn E se recuper\u00f3 de la derrota de la semana pasada goleando 8-2 al CD Trinidad B.<\/p>\n<p>Buen partido de los colomenses ante un rival que nada pudo hacer ante el vendaval local. Sin tanta intensidad pero con gran juego la Grama gan\u00f3 con facilidad y muchos goles. Emili con dos goles, Juan Cort\u00e9s, Guillem, V\u00edctor, \u00cdker, Antonio Sebasti\u00e1n y Nil marcaron los goles de la Fundaci\u00f3 en el Nou Municipal.<\/p>\n","protected":false},"excerpt":{"rendered":"<p>L&#8217;Alev\u00ed E es va recuperar de la derrota de la setmana passada golejant 8-2 al CD Trinitat B. Bon partit dels colomencs davant un rival que no va poder fer davant del vendaval local. Sense tanta intensitat per\u00f2 amb gran joc la Grama va guanyar amb facilitat i molts gols. Emili amb dos gols, Juan [&hellip;]<\/p>\n","protected":false},"author":1,"featured_media":17844,"comment_status":"closed","ping_status":"closed","sticky":false,"template":"","format":"standard","meta":{"footnotes":""},"categories":[10,4],"tags":[],"class_list":["post-18463","post","type-post","status-publish","format-standard","has-post-thumbnail","hentry","category-alevins","category-base-inclusiu"],"_links":{"self":[{"href":"http:\/\/fegrama.cat\/web\/wp-json\/wp\/v2\/posts\/18463","targetHints":{"allow":["GET"]}}],"collection":[{"href":"http:\/\/fegrama.cat\/web\/wp-json\/wp\/v2\/posts"}],"about":[{"href":"http:\/\/fegrama.cat\/web\/wp-json\/wp\/v2\/types\/post"}],"author":[{"embeddable":true,"href":"http:\/\/fegrama.cat\/web\/wp-json\/wp\/v2\/users\/1"}],"replies":[{"embeddable":true,"href":"http:\/\/fegrama.cat\/web\/wp-json\/wp\/v2\/comments?post=18463"}],"version-history":[{"count":1,"href":"http:\/\/fegrama.cat\/web\/wp-json\/wp\/v2\/posts\/18463\/revisions"}],"predecessor-version":[{"id":18464,"href":"http:\/\/fegrama.cat\/web\/wp-json\/wp\/v2\/posts\/18463\/revisions\/18464"}],"wp:featuredmedia":[{"embeddable":true,"href":"http:\/\/fegrama.cat\/web\/wp-json\/wp\/v2\/media\/17844"}],"wp:attachment":[{"href":"http:\/\/fegrama.cat\/web\/wp-json\/wp\/v2\/media?parent=18463"}],"wp:term":[{"taxonomy":"category","embeddable":true,"href":"http:\/\/fegrama.cat\/web\/wp-json\/wp\/v2\/categories?post=18463"},{"taxonomy":"post_tag","embeddable":true,"href":"http:\/\/fegrama.cat\/web\/wp-json\/wp\/v2\/tags?post=18463"}],"curies":[{"name":"wp","href":"https:\/\/api.w.org\/{rel}","templated":true}]}}