{"id":18456,"date":"2016-11-20T19:29:55","date_gmt":"2016-11-20T18:29:55","guid":{"rendered":"http:\/\/fegrama.cat\/web\/?p=18456"},"modified":"2016-11-20T19:29:55","modified_gmt":"2016-11-20T18:29:55","slug":"el-cadet-d-va-caure-al-camp-del-jupiter","status":"publish","type":"post","link":"http:\/\/fegrama.cat\/web\/el-cadet-d-va-caure-al-camp-del-jupiter\/","title":{"rendered":"El Cadet D va caure al camp del J\u00fapiter"},"content":{"rendered":"<p>El Cadet D va encaixar una derrota dolorosa per 5-1 davant la Fund.Priv. CE J\u00fapiter E.<\/p>\n<p>Molt mal partit de la Fundaci\u00f3 que no aconsegueix aixecar el cap. A La Verneda cada jugador va intentar fer la guerra pel seu compte en comptes de jugar en equip. Primera part per oblidar, els colomencs van estar a la gespa sense intensitat, sense ordre i van encaixar dos gols molt r\u00e0pids per errors.<\/p>\n<p>En un c\u00f3rner Erdain va retallar dist\u00e0ncies per als colomencs per\u00f2 en un altre error, al descompte, va arribar el 3-1 per als locals. Aquest gol va obligar a la Fundaci\u00f3 a arriscar amb tres defenses en la segona meitat. Van intentar evitar errors per\u00f2 una nova errada, aquest cop en la marca, arribaria el 4-1 en un servei de c\u00f3rner. Amb el quart els jugadors van abaixar els bra\u00e7os i de tir lluny\u00e0 va arribar el definitiu 5-1.<\/p>\n<p>[divider]<\/p>\n<p>El Cadete D encaj\u00f3 una derrota dolorosa por 5-1 ante la Fund.Priv. CE J\u00fapiter E.<\/p>\n<p>Muy mal partido de la Fundaci\u00f3 que no consigue levantar cabeza. En La Verneda cada jugador intent\u00f3 hacer la guerra por su cuenta en vez de jugar en equipo. Primera parte para olvidar, los colomenses estuvieron en el c\u00e9sped sin intensidad, sin orden y encajaron dos goles muy r\u00e1pidos por errores.<\/p>\n<p>En un c\u00f3rner Erdain recort\u00f3 distancias para los colomenses pero en otro error, en el descuento, lleg\u00f3 el 3-1 para los locales. Ese gol oblig\u00f3 a la Fundaci\u00f3 a arriesgar con tres defensas en la segunda mitad. Intentaron evitar errores pero un nuevo fallo, esta vez en la marca, llegar\u00eda el 4-1 en un saque de esquina. Con el cuarto los jugadores bajaron los brazos y de tiro lejano lleg\u00f3 el definitivo 5-1.<\/p>\n","protected":false},"excerpt":{"rendered":"<p>El Cadet D va encaixar una derrota dolorosa per 5-1 davant la Fund.Priv. CE J\u00fapiter E. Molt mal partit de la Fundaci\u00f3 que no aconsegueix aixecar el cap. A La Verneda cada jugador va intentar fer la guerra pel seu compte en comptes de jugar en equip. Primera part per oblidar, els colomencs van estar [&hellip;]<\/p>\n","protected":false},"author":1,"featured_media":0,"comment_status":"closed","ping_status":"closed","sticky":false,"template":"","format":"standard","meta":{"footnotes":""},"categories":[4,7],"tags":[],"class_list":["post-18456","post","type-post","status-publish","format-standard","hentry","category-base-inclusiu","category-cadets"],"_links":{"self":[{"href":"http:\/\/fegrama.cat\/web\/wp-json\/wp\/v2\/posts\/18456","targetHints":{"allow":["GET"]}}],"collection":[{"href":"http:\/\/fegrama.cat\/web\/wp-json\/wp\/v2\/posts"}],"about":[{"href":"http:\/\/fegrama.cat\/web\/wp-json\/wp\/v2\/types\/post"}],"author":[{"embeddable":true,"href":"http:\/\/fegrama.cat\/web\/wp-json\/wp\/v2\/users\/1"}],"replies":[{"embeddable":true,"href":"http:\/\/fegrama.cat\/web\/wp-json\/wp\/v2\/comments?post=18456"}],"version-history":[{"count":2,"href":"http:\/\/fegrama.cat\/web\/wp-json\/wp\/v2\/posts\/18456\/revisions"}],"predecessor-version":[{"id":18458,"href":"http:\/\/fegrama.cat\/web\/wp-json\/wp\/v2\/posts\/18456\/revisions\/18458"}],"wp:attachment":[{"href":"http:\/\/fegrama.cat\/web\/wp-json\/wp\/v2\/media?parent=18456"}],"wp:term":[{"taxonomy":"category","embeddable":true,"href":"http:\/\/fegrama.cat\/web\/wp-json\/wp\/v2\/categories?post=18456"},{"taxonomy":"post_tag","embeddable":true,"href":"http:\/\/fegrama.cat\/web\/wp-json\/wp\/v2\/tags?post=18456"}],"curies":[{"name":"wp","href":"https:\/\/api.w.org\/{rel}","templated":true}]}}