{"id":18412,"date":"2016-11-17T16:52:50","date_gmt":"2016-11-17T15:52:50","guid":{"rendered":"http:\/\/fegrama.cat\/web\/?p=18412"},"modified":"2016-11-18T14:50:01","modified_gmt":"2016-11-18T13:50:01","slug":"guanyar-diumenge-al-cirera-per-seguir-a-dalt","status":"publish","type":"post","link":"http:\/\/fegrama.cat\/web\/guanyar-diumenge-al-cirera-per-seguir-a-dalt\/","title":{"rendered":"Guanyar diumenge al Cirera per seguir a dalt"},"content":{"rendered":"<p>Amb una ensopegada que va significar frenar una bona ratxa, i no aprofitar la derrota del l\u00edder, aix\u00ed arribar\u00e0 el conjunt de <strong>Dani Andreu<\/strong> a la cita d&#8217;aquest <strong>diumenge al Nou Municipal<\/strong>. Comen\u00e7ar de zero i treballar molt per corregir errors del passat, amb ganes els jugadors de la Fundaci\u00f3 volen sumar una important vict\u00f2ria a casa.<\/p>\n<p style=\"text-align: center;\"><strong>Jornada 12 del Grup 2 de Segona Catalana a les 11:45 hores a Santa Coloma de Gramenet.<\/strong><\/p>\n<p>El rival d&#8217;aquesta setmana ser\u00e0 la <strong>UD Cirera<\/strong>. Els de Matar\u00f3 arriben amb la moral alta despr\u00e9s de guanyar la setmana passada 7-2. Fugint dels llocs de descens intentaran sumar punts fora de casa, de moment com a visitants no han guanyat. En les seves files compten amb <strong>Joan Compte<\/strong>, porter titular i ex-jugador de la FE Grama.<\/p>\n<p style=\"text-align: center;\"><a href=\"http:\/\/fegrama.cat\/web\/wp-content\/uploads\/2016\/11\/feg11martB.jpg\"><img loading=\"lazy\" decoding=\"async\" class=\"aligncenter  wp-image-18299\" alt=\"feg11martB\" src=\"http:\/\/fegrama.cat\/web\/wp-content\/uploads\/2016\/11\/feg11martB.jpg\" width=\"560\" height=\"420\" srcset=\"http:\/\/fegrama.cat\/web\/wp-content\/uploads\/2016\/11\/feg11martB.jpg 800w, http:\/\/fegrama.cat\/web\/wp-content\/uploads\/2016\/11\/feg11martB-300x225.jpg 300w\" sizes=\"auto, (max-width: 560px) 100vw, 560px\" \/><\/a><\/p>\n<p>Con un tropiezo que signific\u00f3 frenar una buena racha, y no aprovechar la derrota del l\u00edder, as\u00ed llegar\u00e1 el conjunto de <strong>Dani Andreu<\/strong> a la cita de este <strong>domingo en el Nou Municipal<\/strong>. Empezar de cero y trabajar mucho para corregir errores del pasado, con ganas los jugadores de la Fundaci\u00f3 quieren sumar una importante victoria en casa.<\/p>\n<p style=\"text-align: center;\"><strong>Jornada 12 del Grupo 2 de Segunda Catalana a las 11:45 horas en Santa Coloma de Gramenet.<\/strong><\/p>\n<p style=\"text-align: left;\">El rival de esta semana ser\u00e1 la <strong>UD Cirera<\/strong>. Los de Matar\u00f3 llegan con la moral alta tras ganar la semana pasada 7-2. Huyendo de los puestos de descenso intentar\u00e1n sumar puntos fuera de casa, de momento como visitantes no han ganado. En sus filas cuentan con <strong>Joan Compte<\/strong>, portero titular y ex-jugador de la FE Grama.<\/p>\n","protected":false},"excerpt":{"rendered":"<p>Amb una ensopegada que va significar frenar una bona ratxa, i no aprofitar la derrota del l\u00edder, aix\u00ed arribar\u00e0 el conjunt de Dani Andreu a la cita d&#8217;aquest diumenge al Nou Municipal. Comen\u00e7ar de zero i treballar molt per corregir errors del passat, amb ganes els jugadors de la Fundaci\u00f3 volen sumar una important vict\u00f2ria [&hellip;]<\/p>\n","protected":false},"author":1,"featured_media":18299,"comment_status":"closed","ping_status":"closed","sticky":false,"template":"","format":"standard","meta":{"footnotes":""},"categories":[4,5],"tags":[358,24,55,1107],"class_list":["post-18412","post","type-post","status-publish","format-standard","has-post-thumbnail","hentry","category-base-inclusiu","category-primer-equip","tag-cirera","tag-fundacio-esportiva-grama","tag-nou-municipal-de-santa-coloma","tag-segunda-catalana"],"_links":{"self":[{"href":"http:\/\/fegrama.cat\/web\/wp-json\/wp\/v2\/posts\/18412","targetHints":{"allow":["GET"]}}],"collection":[{"href":"http:\/\/fegrama.cat\/web\/wp-json\/wp\/v2\/posts"}],"about":[{"href":"http:\/\/fegrama.cat\/web\/wp-json\/wp\/v2\/types\/post"}],"author":[{"embeddable":true,"href":"http:\/\/fegrama.cat\/web\/wp-json\/wp\/v2\/users\/1"}],"replies":[{"embeddable":true,"href":"http:\/\/fegrama.cat\/web\/wp-json\/wp\/v2\/comments?post=18412"}],"version-history":[{"count":2,"href":"http:\/\/fegrama.cat\/web\/wp-json\/wp\/v2\/posts\/18412\/revisions"}],"predecessor-version":[{"id":18425,"href":"http:\/\/fegrama.cat\/web\/wp-json\/wp\/v2\/posts\/18412\/revisions\/18425"}],"wp:featuredmedia":[{"embeddable":true,"href":"http:\/\/fegrama.cat\/web\/wp-json\/wp\/v2\/media\/18299"}],"wp:attachment":[{"href":"http:\/\/fegrama.cat\/web\/wp-json\/wp\/v2\/media?parent=18412"}],"wp:term":[{"taxonomy":"category","embeddable":true,"href":"http:\/\/fegrama.cat\/web\/wp-json\/wp\/v2\/categories?post=18412"},{"taxonomy":"post_tag","embeddable":true,"href":"http:\/\/fegrama.cat\/web\/wp-json\/wp\/v2\/tags?post=18412"}],"curies":[{"name":"wp","href":"https:\/\/api.w.org\/{rel}","templated":true}]}}