{"id":17985,"date":"2016-10-28T08:57:01","date_gmt":"2016-10-28T07:57:01","guid":{"rendered":"http:\/\/fegrama.cat\/web\/?p=17985"},"modified":"2016-10-28T09:04:08","modified_gmt":"2016-10-28T08:04:08","slug":"previes-dels-equips-benjamins-29-i-30-doctubre","status":"publish","type":"post","link":"http:\/\/fegrama.cat\/web\/previes-dels-equips-benjamins-29-i-30-doctubre\/","title":{"rendered":"Pr\u00e8vies dels equips Benjamins (29 i 30 d\u2019octubre)"},"content":{"rendered":"<p><a href=\"http:\/\/fegrama.cat\/web\/wp-content\/uploads\/2016\/10\/benjA.jpg\"><img loading=\"lazy\" decoding=\"async\" class=\"aligncenter\" alt=\"benjA\" src=\"http:\/\/fegrama.cat\/web\/wp-content\/uploads\/2016\/10\/benjA.jpg\" width=\"557\" height=\"417\" \/><\/a><\/p>\n<p><strong>BENJAM\u00cd A\u00a0<\/strong><\/p>\n<p>El conjunt dirigit pel duo Carles i Carlos Mart\u00edn intentaran sorprendre aquesta setmana al RCD Espanyol B. Dissabte a les 10 hores a Les Oliveres els periquitos visitaran Santa Coloma com a l\u00edders de la lliga. Partit molt complicat davant el millor equip del grup.<\/p>\n<p>El conjunto dirigido por el d\u00fao Carles y Carlos Mart\u00edn intentar\u00e1n sorprender esta semana al RCD Espanyol B. El s\u00e1bado a las 10 horas en Les Oliveres los periquitos visitar\u00e1n Santa Coloma como l\u00edderes de la liga. Partido muy complicado ante el mejor equipo del grupo.<\/p>\n<p><a href=\"http:\/\/fegrama.cat\/web\/wp-content\/uploads\/2016\/10\/benjB.jpg\"><img loading=\"lazy\" decoding=\"async\" class=\"aligncenter\" alt=\"benjB\" src=\"http:\/\/fegrama.cat\/web\/wp-content\/uploads\/2016\/10\/benjB.jpg\" width=\"556\" height=\"418\" \/><\/a><\/p>\n<p><strong>BENJAM\u00cd B<\/strong><\/p>\n<p>Partid\u00e0s al Nou Municipal entre l&#8217;equip de Marcos D\u00edaz i el FC Barcelona D. Diumenge a les 17:30 hores els blaugranes visiten el nostre estadi invictes per\u00f2 per darrere a la classificaci\u00f3 ja que tenen dos punts menys que el l\u00edder, la Grama.<\/p>\n<p>Partidazo en el Nou Municipal entre el equipo de Marcos D\u00edaz y el FC Barcelona D. El domingo a las 17:30 horas los azulgranas visitan nuestro estadio invictos pero por detr\u00e1s en la clasificaci\u00f3n ya que tienen dos puntos menos que el l\u00edder, la Grama.<\/p>\n<p>[divider]<\/p>\n<p><strong>BENJAM\u00cd C<\/strong><\/p>\n<p>Els nois de Juanma Amate i Xavi Jim\u00e9nez porten dues jornades seguides sense perdre i volen continuar per aquest cam\u00ed. Dissabte a les 10 hores jugaran a Sant Adri\u00e0 davant el Trajana, pen\u00faltim de la lliga amb 1 punt.<\/p>\n<p>Los chicos de Juanma Amate y Xavi Jim\u00e9nez llevan dos jornadas seguidas sin perder y quieren continuar por este camino. El s\u00e1bado a las 10 horas jugar\u00e1n en Sant Adri\u00e0 ante el Trajana, pen\u00faltimo de la liga con 1 punto.<\/p>\n<p>[divider]<\/p>\n<p><strong>BENJAM\u00cd D<\/strong><\/p>\n<p>Quatre partits i quatre golejades que fan que aquests nens siguin l\u00edders de la lliga. Aquesta jornada visitaran el camp del Bon Pastor Agrupaci\u00f3 Esportiva, dissabte a les 09 hores. Els locals tenen els mateixos punts que la Grama, s\u00f3n segons. Partit important per seguir l\u00edders.<\/p>\n<p>Cuatro partidos y cuatro goleadas que hacen que estos ni\u00f1os sean l\u00edderes de la liga. Esta jornada visitar\u00e1n el campo del Bon Pastor Agrupaci\u00f3n Deportiva, el s\u00e1bado a las 09 horas. Los locales tienen los mismos puntos que la Grama, son segundos. Partido importante para seguir l\u00edderes.<\/p>\n<p><a href=\"http:\/\/fegrama.cat\/web\/wp-content\/uploads\/2016\/10\/benjE.png\"><img loading=\"lazy\" decoding=\"async\" class=\"aligncenter size-full wp-image-17992\" alt=\"benjE\" src=\"http:\/\/fegrama.cat\/web\/wp-content\/uploads\/2016\/10\/benjE.png\" width=\"478\" height=\"391\" \/><\/a><\/p>\n<p><strong>BENJAM\u00cd E<\/strong><\/p>\n<p>Dissabte a les 11:30 hores a Les Oliveres els colomencs buscaran la quarta vict\u00f2ria de la temporada. El rival d&#8217;aquesta jornada ser\u00e0 el FC Zona Franca, equip amb encara 0 punts en el seu caseller.<\/p>\n<p>El s\u00e1bado a las 11:30 horas en Les Oliveres los colomenses buscar\u00e1n la cuarta victoria de la temporada. El rival de esta jornada ser\u00e1 el FC Zona Franca, equipo con todav\u00eda 0 puntos en su casillero.<\/p>\n<p>[divider]<\/p>\n<p><strong>BENJAM\u00cd F<\/strong><\/p>\n<p>Despr\u00e9s de sumar el primer punt de la temporada, al seu segon partit de lliga, els nois d&#8217;Alejandro \u00c1lvarez buscaran seguir creixent aquest cap de setmana. Diumenge a les 14 hores visitaran Badalona Sud per enfrontar-se a la Young Talent B, l\u00edder incontestable de la competici\u00f3.<\/p>\n<p>Tras sumar el primer punto de la temporada, en su segundo partido de liga, los chicos de Alejandro \u00c1lvarez buscar\u00e1n seguir creciendo este fin de semana. El domingo a las 14 horas visitar\u00e1n Badalona Sud para enfrentarse a la Young Talent B, l\u00edder incontestable de la competici\u00f3n.<\/p>\n","protected":false},"excerpt":{"rendered":"<p>BENJAM\u00cd A\u00a0 El conjunt dirigit pel duo Carles i Carlos Mart\u00edn intentaran sorprendre aquesta setmana al RCD Espanyol B. Dissabte a les 10 hores a Les Oliveres els periquitos visitaran Santa Coloma com a l\u00edders de la lliga. Partit molt complicat davant el millor equip del grup. El conjunto dirigido por el d\u00fao Carles y [&hellip;]<\/p>\n","protected":false},"author":1,"featured_media":5908,"comment_status":"closed","ping_status":"closed","sticky":false,"template":"","format":"standard","meta":{"footnotes":""},"categories":[4,11],"tags":[24,802,55],"class_list":["post-17985","post","type-post","status-publish","format-standard","has-post-thumbnail","hentry","category-base-inclusiu","category-benjamins","tag-fundacio-esportiva-grama","tag-municipal-les-oliveres","tag-nou-municipal-de-santa-coloma"],"_links":{"self":[{"href":"http:\/\/fegrama.cat\/web\/wp-json\/wp\/v2\/posts\/17985","targetHints":{"allow":["GET"]}}],"collection":[{"href":"http:\/\/fegrama.cat\/web\/wp-json\/wp\/v2\/posts"}],"about":[{"href":"http:\/\/fegrama.cat\/web\/wp-json\/wp\/v2\/types\/post"}],"author":[{"embeddable":true,"href":"http:\/\/fegrama.cat\/web\/wp-json\/wp\/v2\/users\/1"}],"replies":[{"embeddable":true,"href":"http:\/\/fegrama.cat\/web\/wp-json\/wp\/v2\/comments?post=17985"}],"version-history":[{"count":2,"href":"http:\/\/fegrama.cat\/web\/wp-json\/wp\/v2\/posts\/17985\/revisions"}],"predecessor-version":[{"id":17993,"href":"http:\/\/fegrama.cat\/web\/wp-json\/wp\/v2\/posts\/17985\/revisions\/17993"}],"wp:featuredmedia":[{"embeddable":true,"href":"http:\/\/fegrama.cat\/web\/wp-json\/wp\/v2\/media\/5908"}],"wp:attachment":[{"href":"http:\/\/fegrama.cat\/web\/wp-json\/wp\/v2\/media?parent=17985"}],"wp:term":[{"taxonomy":"category","embeddable":true,"href":"http:\/\/fegrama.cat\/web\/wp-json\/wp\/v2\/categories?post=17985"},{"taxonomy":"post_tag","embeddable":true,"href":"http:\/\/fegrama.cat\/web\/wp-json\/wp\/v2\/tags?post=17985"}],"curies":[{"name":"wp","href":"https:\/\/api.w.org\/{rel}","templated":true}]}}