{"id":17969,"date":"2016-10-27T11:41:43","date_gmt":"2016-10-27T10:41:43","guid":{"rendered":"http:\/\/fegrama.cat\/web\/?p=17969"},"modified":"2016-10-28T08:57:09","modified_gmt":"2016-10-28T07:57:09","slug":"previes-de-les-escoles-29-doctubre","status":"publish","type":"post","link":"http:\/\/fegrama.cat\/web\/previes-de-les-escoles-29-doctubre\/","title":{"rendered":"Pr\u00e8vies de les Escoles (29 d\u2019octubre)"},"content":{"rendered":"<p><a href=\"http:\/\/fegrama.cat\/web\/wp-content\/uploads\/2016\/10\/escB1617.jpg\"><img loading=\"lazy\" decoding=\"async\" class=\"aligncenter\" alt=\"escB1617\" src=\"http:\/\/fegrama.cat\/web\/wp-content\/uploads\/2016\/10\/escB1617.jpg\" width=\"560\" height=\"420\" \/><\/a><\/p>\n<p><strong>ESCOLA A\u00a0<\/strong><\/p>\n<p>Derbi al Municipal de Les Oliveres entre la FE Grama i el CF Singuerl\u00edn, dissabte a les 13:15 hores. Els franjiverds han guanyat, empatat i perdut als tres primers partits de lliga, mentre que els blaus porten tres vict\u00f2ries en aquest inici de lliga.<\/p>\n<p>Derbi en el Municipal de Les Oliveres entre la FE Grama y el CF Singuerl\u00edn, el s\u00e1bado a las 13:15 horas. Los franjiverdes han ganado, empatado y perdido en los tres primeros partidos de liga, mientras que los azulones llevan tres victorias en este inicio de liga.<\/p>\n<p>[divider]<\/p>\n<div><strong>ESCUELA B\u00a0<\/strong><\/div>\n<p>A les 11:30 hores els colomencs jugaran a Les Oliveres davant la U.At.Horta. L&#8217;equip visitant nom\u00e9s ha jugat un partit i ho va aconseguir guanyar, per aix\u00f2 tenen un punt menys que la Grama.<\/p>\n<p>A las 11:30 horas los colomenses jugar\u00e1n en Les Oliveres ante la U.At.Horta. El equipo visitante s\u00f3lo ha jugado un partido y lo consigui\u00f3 ganar, por eso tienen un punto menos que la Grama.<\/p>\n<div>[divider]<\/div>\n<div><\/div>\n<div><strong>ESCOLA C<\/strong><\/div>\n<p>L&#8217;equip de Cervantes visita les Instal\u00b7lacions Municipals de Sant Adri\u00e0 de Bes\u00f2s per enfrontar-se al Trajana-PB Sant Just. Dissabte a les 13 hores s&#8217;enfrontaran a un equip invicte, tres vict\u00f2ries en tres partits, l\u00edders del Grup C de Cadeca.<\/p>\n<p>El equipo de Cervantes visita las Instalaciones Municipales de Sant Adri\u00e0 de Bes\u00f2s para enfrentarse al Trajana-PB Sant Just. El s\u00e1bado a las 13 horas se enfrentar\u00e1n a un equipo invicto, tres victorias en tres partidos, l\u00edderes del Grupo C de Cadeca.<\/p>\n","protected":false},"excerpt":{"rendered":"<p>ESCOLA A\u00a0 Derbi al Municipal de Les Oliveres entre la FE Grama i el CF Singuerl\u00edn, dissabte a les 13:15 hores. Els franjiverds han guanyat, empatat i perdut als tres primers partits de lliga, mentre que els blaus porten tres vict\u00f2ries en aquest inici de lliga. Derbi en el Municipal de Les Oliveres entre la [&hellip;]<\/p>\n","protected":false},"author":1,"featured_media":5107,"comment_status":"closed","ping_status":"closed","sticky":false,"template":"","format":"standard","meta":{"footnotes":""},"categories":[4,33],"tags":[24,802],"class_list":["post-17969","post","type-post","status-publish","format-standard","has-post-thumbnail","hentry","category-base-inclusiu","category-escola-diari-feg","tag-fundacio-esportiva-grama","tag-municipal-les-oliveres"],"_links":{"self":[{"href":"http:\/\/fegrama.cat\/web\/wp-json\/wp\/v2\/posts\/17969","targetHints":{"allow":["GET"]}}],"collection":[{"href":"http:\/\/fegrama.cat\/web\/wp-json\/wp\/v2\/posts"}],"about":[{"href":"http:\/\/fegrama.cat\/web\/wp-json\/wp\/v2\/types\/post"}],"author":[{"embeddable":true,"href":"http:\/\/fegrama.cat\/web\/wp-json\/wp\/v2\/users\/1"}],"replies":[{"embeddable":true,"href":"http:\/\/fegrama.cat\/web\/wp-json\/wp\/v2\/comments?post=17969"}],"version-history":[{"count":2,"href":"http:\/\/fegrama.cat\/web\/wp-json\/wp\/v2\/posts\/17969\/revisions"}],"predecessor-version":[{"id":17975,"href":"http:\/\/fegrama.cat\/web\/wp-json\/wp\/v2\/posts\/17969\/revisions\/17975"}],"wp:featuredmedia":[{"embeddable":true,"href":"http:\/\/fegrama.cat\/web\/wp-json\/wp\/v2\/media\/5107"}],"wp:attachment":[{"href":"http:\/\/fegrama.cat\/web\/wp-json\/wp\/v2\/media?parent=17969"}],"wp:term":[{"taxonomy":"category","embeddable":true,"href":"http:\/\/fegrama.cat\/web\/wp-json\/wp\/v2\/categories?post=17969"},{"taxonomy":"post_tag","embeddable":true,"href":"http:\/\/fegrama.cat\/web\/wp-json\/wp\/v2\/tags?post=17969"}],"curies":[{"name":"wp","href":"https:\/\/api.w.org\/{rel}","templated":true}]}}