{"id":17945,"date":"2016-10-24T12:06:19","date_gmt":"2016-10-24T11:06:19","guid":{"rendered":"http:\/\/fegrama.cat\/web\/?p=17945"},"modified":"2016-10-24T12:06:19","modified_gmt":"2016-10-24T11:06:19","slug":"lequip-de-futbol-sala-va-patir-pero-va-guanyar-al-cover-premia","status":"publish","type":"post","link":"http:\/\/fegrama.cat\/web\/lequip-de-futbol-sala-va-patir-pero-va-guanyar-al-cover-premia\/","title":{"rendered":"L&#8217;equip de Futbol Sala va patir per\u00f2 va guanyar al Cover Premi\u00e0"},"content":{"rendered":"<p>La FE Grama &#8211; Johan va sumar una soferta vict\u00f2ria davant el Cover Premi\u00e0 de Mar. El 6-5 viscut al Pavell\u00f3 Nou indica la dificultat que els va ser obtenir els tres punts.<\/p>\n<p>Partit molt intens i igualat entre dos grans equips. Albert Lozano va avan\u00e7ar a la Grama al primer minut de joc per\u00f2 gran part del xoc els colomencs van estar amb un resultat en contra. Al tram final un gol en pr\u00f2pia porta i un de Francisco G\u00f3mez va fer que la Fundaci\u00f3 es pos\u00e9s per davant Al marcador. Els de Rub\u00e9n Cros van saber aguantar el resultat amb molt de patiment.<\/p>\n<p>Sergi Sol amb un doblet i Jordi \u00c1lvarez tamb\u00e9 van marcar per als locals.<\/p>\n<p><a href=\"http:\/\/fegrama.cat\/web\/wp-content\/uploads\/2016\/08\/futsalgrama.jpg\"><img loading=\"lazy\" decoding=\"async\" class=\"aligncenter\" alt=\"futsalgrama\" src=\"http:\/\/fegrama.cat\/web\/wp-content\/uploads\/2016\/08\/futsalgrama.jpg\" width=\"480\" height=\"436\" \/><\/a><\/p>\n<p>La FE Grama &#8211; Johan sum\u00f3 una sufrida victoria ante el Cover Premi\u00e0 de Mar. El 6-5 vivido en el Pabell\u00f3n Nuevo indica lo dif\u00edcil que les fue obtener los tres puntos.<\/p>\n<p>Partido muy intenso e igualado entre dos grandes equipos. Albert Lozano avanz\u00f3 a la Grama en el primer minuto de juego pero gran parte del choque los colomenses estuvieron con un resultado en contra. En el tramo final un gol en propia puerta y uno de Francisco G\u00f3mez hizo que la Fundaci\u00f3 se pusiera por delante en el marcador. Los de Rub\u00e9n Cros supieron aguantar el resultado con mucho sufrimiento.<\/p>\n<p>Sergi Sol con un doblete y Jordi \u00c1lvarez tambi\u00e9n marcaron para los locales.<\/p>\n","protected":false},"excerpt":{"rendered":"<p>La FE Grama &#8211; Johan va sumar una soferta vict\u00f2ria davant el Cover Premi\u00e0 de Mar. El 6-5 viscut al Pavell\u00f3 Nou indica la dificultat que els va ser obtenir els tres punts. Partit molt intens i igualat entre dos grans equips. Albert Lozano va avan\u00e7ar a la Grama al primer minut de joc per\u00f2 [&hellip;]<\/p>\n","protected":false},"author":1,"featured_media":17377,"comment_status":"closed","ping_status":"closed","sticky":false,"template":"","format":"standard","meta":{"footnotes":""},"categories":[4,1106],"tags":[],"class_list":["post-17945","post","type-post","status-publish","format-standard","has-post-thumbnail","hentry","category-base-inclusiu","category-futbol-sala-2"],"_links":{"self":[{"href":"http:\/\/fegrama.cat\/web\/wp-json\/wp\/v2\/posts\/17945","targetHints":{"allow":["GET"]}}],"collection":[{"href":"http:\/\/fegrama.cat\/web\/wp-json\/wp\/v2\/posts"}],"about":[{"href":"http:\/\/fegrama.cat\/web\/wp-json\/wp\/v2\/types\/post"}],"author":[{"embeddable":true,"href":"http:\/\/fegrama.cat\/web\/wp-json\/wp\/v2\/users\/1"}],"replies":[{"embeddable":true,"href":"http:\/\/fegrama.cat\/web\/wp-json\/wp\/v2\/comments?post=17945"}],"version-history":[{"count":1,"href":"http:\/\/fegrama.cat\/web\/wp-json\/wp\/v2\/posts\/17945\/revisions"}],"predecessor-version":[{"id":17946,"href":"http:\/\/fegrama.cat\/web\/wp-json\/wp\/v2\/posts\/17945\/revisions\/17946"}],"wp:featuredmedia":[{"embeddable":true,"href":"http:\/\/fegrama.cat\/web\/wp-json\/wp\/v2\/media\/17377"}],"wp:attachment":[{"href":"http:\/\/fegrama.cat\/web\/wp-json\/wp\/v2\/media?parent=17945"}],"wp:term":[{"taxonomy":"category","embeddable":true,"href":"http:\/\/fegrama.cat\/web\/wp-json\/wp\/v2\/categories?post=17945"},{"taxonomy":"post_tag","embeddable":true,"href":"http:\/\/fegrama.cat\/web\/wp-json\/wp\/v2\/tags?post=17945"}],"curies":[{"name":"wp","href":"https:\/\/api.w.org\/{rel}","templated":true}]}}