{"id":17937,"date":"2016-10-24T13:46:38","date_gmt":"2016-10-24T12:46:38","guid":{"rendered":"http:\/\/fegrama.cat\/web\/?p=17937"},"modified":"2016-11-04T19:04:38","modified_gmt":"2016-11-04T18:04:38","slug":"comunicat-oficial-canvis-a-lorganigrama-esportiu","status":"publish","type":"post","link":"http:\/\/fegrama.cat\/web\/comunicat-oficial-canvis-a-lorganigrama-esportiu\/","title":{"rendered":"COMUNICAT OFICIAL: canvis a l&#8217;organigrama esportiu"},"content":{"rendered":"<p style=\"text-align: center;\"><a href=\"http:\/\/fegrama.cat\/web\/wp-content\/uploads\/2016\/10\/COFICIAL.jpg\"><img loading=\"lazy\" decoding=\"async\" class=\"aligncenter  wp-image-17938\" alt=\"COFICIAL\" src=\"http:\/\/fegrama.cat\/web\/wp-content\/uploads\/2016\/10\/COFICIAL.jpg\" width=\"777\" height=\"284\" srcset=\"http:\/\/fegrama.cat\/web\/wp-content\/uploads\/2016\/10\/COFICIAL.jpg 1586w, http:\/\/fegrama.cat\/web\/wp-content\/uploads\/2016\/10\/COFICIAL-300x109.jpg 300w, http:\/\/fegrama.cat\/web\/wp-content\/uploads\/2016\/10\/COFICIAL-1024x373.jpg 1024w\" sizes=\"auto, (max-width: 777px) 100vw, 777px\" \/><\/a><\/p>\n<p style=\"text-align: justify;\">La Direcci\u00f3 Esportiva de la Fundaci\u00f3 Esportiva Grama vol donar a con\u00e8ixer, a trav\u00e9s d\u2019aquest comunicat oficial, els canvis que hi han hagut en l\u2019organigrama esportiu durant les \u00faltimes setmanes.<\/p>\n<p style=\"text-align: justify;\">En primer lloc anunciem la marxa de<b> Xavi Garc\u00eda <\/b>com a coordinador d\u2019Alevins\u00a0 per motius personals. El seu lloc ser\u00e0 ocupat per <b>David Martin <\/b>que es far\u00e0 c\u00e0rrec de la coordinaci\u00f3 d\u2019alevins i benjamins. Tamb\u00e9 comuniquem la marxa de <b>David Vega<\/b> com a coordinador de Futbol onze per motius de salut. Ser\u00e0 substitu\u00eft per <b>Jos\u00e9 Ram\u00f3n Carranza<\/b>.<\/p>\n<p style=\"text-align: justify;\">En segon lloc volem anunciar una reestructuraci\u00f3 de les banquetes on <b>V\u00edctor Salas<\/b> deixa de ser l\u2019entrenador de <b>l\u2019Infanti A <\/b>per motius \u00a0personals i el seu substitut ser\u00e0 <b>Iv\u00e1n Cort\u00e9s<\/b> fins ara t\u00e8cnic de l\u2019Infantil C; <b>Edgar Rueda\u00a0<\/b>deixa la banqueta de l\u2019<b>Alev\u00ed A<\/b> i a partir d\u2019ara acompanyar\u00e0 de segon a <b>V\u00edctor \u00a0Rodr\u00edguez,<\/b> nou entrenador de <b>l\u2019Infantil C. <\/b>L\u2019equip de Preferent Alev\u00ed, ser\u00e0 entrenat a partir d\u2019ara per <b>Cr\u00edstian Rodr\u00edguez.<\/b><\/p>\n<p style=\"text-align: justify;\">Des de la Direcci\u00f3 Esportiva i en nom de tota l\u2019Entitat volem desitjar molta sort als nous t\u00e8cnics en el seus equips i donem les gr\u00e0cies als coordinadors i entrenadors que deixen l\u2019entitat pel seu treball mentre han estat en els seus c\u00e0rrecs. Sort a tots.<\/p>\n<p style=\"text-align: justify;\">FUNDACI\u00d3 ESPORTIVA GRAMA<\/p>\n<p style=\"text-align: justify;\">[divider]<\/p>\n<p style=\"text-align: justify;\">La Direcci\u00f3n Deportiva de la Fundaci\u00f3 Esportiva Grama quiere dar a conocer, a trav\u00e9s de este comunicado oficial, los cambios que ha habido en el organigrama deportivo durante las \u00faltimas semanas.<\/p>\n<p style=\"text-align: justify;\">En primer lugar anunciamos la marcha de <b>Xavi Garc\u00eda<\/b> como coordinador de Alevines por motivos personales. Su lugar ser\u00e1 ocupado por <b>David Mart\u00edn<\/b> que se har\u00e1 cargo de la coordinaci\u00f3n de Alevines y Benjamines. Tambi\u00e9n comunicamos la marcha de <b>David Vega<\/b> como coordinador del f\u00fatbol once por motivos de salud. Ser\u00e1 substituido por <b>Jos\u00e9 Ram\u00f3n Carranza<\/b>.<\/p>\n<p style=\"text-align: justify;\">En segundo lugar queremos anunciar la reestructuraci\u00f3n de los banquillos donde <b>V\u00edctor Salas<\/b> deja de ser entrenador del <b>Infantil A <\/b>por motivos personales y su sustituto ser\u00e1 <b>Iv\u00e1n Cort\u00e9s <\/b>hasta ahora t\u00e9cnico del Infantil C. <b>Edgar Rueda<\/b>\u00a0deja el banquillo del <b>Alev\u00edn A <\/b>y a partir de ahora acompa\u00f1ar\u00e1 a <b>V\u00edctor Rodr\u00edguez<\/b>, nuevo entrenador del <b>Infantil C<\/b>. El Equipo de Preferente Alev\u00edn ser\u00e1 entrenado a partir de ahora por <b>Cristian Rodr\u00edguez.<\/b><\/p>\n<p style=\"text-align: justify;\">Desde la Direcci\u00f3n Deportiva i en nombre de toda la Entidad queremos desear mucha suerte a los nuevos t\u00e9cnico en sus equipos y le damos las gracias a los coordinadores y entrenadores que dejan la entidad por su trabajo mientras han estado en sus cargos. Suerte a todos.<\/p>\n<p style=\"text-align: justify;\">FUNDACI\u00d3 ESPORTIVA GRAMA<\/p>\n","protected":false},"excerpt":{"rendered":"<p>La Direcci\u00f3 Esportiva de la Fundaci\u00f3 Esportiva Grama vol donar a con\u00e8ixer, a trav\u00e9s d\u2019aquest comunicat oficial, els canvis que hi han hagut en l\u2019organigrama esportiu durant les \u00faltimes setmanes. En primer lloc anunciem la marxa de Xavi Garc\u00eda com a coordinador d\u2019Alevins\u00a0 per motius personals. El seu lloc ser\u00e0 ocupat per David Martin que [&hellip;]<\/p>\n","protected":false},"author":1,"featured_media":17938,"comment_status":"closed","ping_status":"closed","sticky":false,"template":"","format":"standard","meta":{"footnotes":""},"categories":[14],"tags":[1119,1120,1121,1123,1124,1125,1122],"class_list":["post-17937","post","type-post","status-publish","format-standard","has-post-thumbnail","hentry","category-noticies","tag-coordinador-de-alevines","tag-coordinador-de-futbol-11","tag-david-vega","tag-direccion-deportiva","tag-j-a-garcia-escribano","tag-organigrama-deportivo","tag-xavi-garcia"],"_links":{"self":[{"href":"http:\/\/fegrama.cat\/web\/wp-json\/wp\/v2\/posts\/17937","targetHints":{"allow":["GET"]}}],"collection":[{"href":"http:\/\/fegrama.cat\/web\/wp-json\/wp\/v2\/posts"}],"about":[{"href":"http:\/\/fegrama.cat\/web\/wp-json\/wp\/v2\/types\/post"}],"author":[{"embeddable":true,"href":"http:\/\/fegrama.cat\/web\/wp-json\/wp\/v2\/users\/1"}],"replies":[{"embeddable":true,"href":"http:\/\/fegrama.cat\/web\/wp-json\/wp\/v2\/comments?post=17937"}],"version-history":[{"count":5,"href":"http:\/\/fegrama.cat\/web\/wp-json\/wp\/v2\/posts\/17937\/revisions"}],"predecessor-version":[{"id":17947,"href":"http:\/\/fegrama.cat\/web\/wp-json\/wp\/v2\/posts\/17937\/revisions\/17947"}],"wp:featuredmedia":[{"embeddable":true,"href":"http:\/\/fegrama.cat\/web\/wp-json\/wp\/v2\/media\/17938"}],"wp:attachment":[{"href":"http:\/\/fegrama.cat\/web\/wp-json\/wp\/v2\/media?parent=17937"}],"wp:term":[{"taxonomy":"category","embeddable":true,"href":"http:\/\/fegrama.cat\/web\/wp-json\/wp\/v2\/categories?post=17937"},{"taxonomy":"post_tag","embeddable":true,"href":"http:\/\/fegrama.cat\/web\/wp-json\/wp\/v2\/tags?post=17937"}],"curies":[{"name":"wp","href":"https:\/\/api.w.org\/{rel}","templated":true}]}}