{"id":17928,"date":"2016-10-24T10:32:13","date_gmt":"2016-10-24T09:32:13","guid":{"rendered":"http:\/\/fegrama.cat\/web\/?p=17928"},"modified":"2016-10-24T10:45:48","modified_gmt":"2016-10-24T09:45:48","slug":"golejades-al-nou-municipal-dels-alevins-f-i-e","status":"publish","type":"post","link":"http:\/\/fegrama.cat\/web\/golejades-al-nou-municipal-dels-alevins-f-i-e\/","title":{"rendered":"Golejada al Nou Municipal de l&#8217;Alev\u00ed E"},"content":{"rendered":"<p>Quatre partits en lliga i 4 vict\u00f2ria en un gran inici de lliga per als nois de Jos\u00e9 Maria Tizon. La Grama va ser molt superior al CF Sistrells F que no va poder fer res en tot el partit. Al descans el marcador va ser de 6-0 gr\u00e0cies a un hat-trick de Nil Rib\u00f3 i els gols d&#8217;Antonio Sebasti\u00e1n, Yerai i Emili.<\/p>\n<div id=\"gt-src-p\">\n<div id=\"gt-src-wrap\">\n<div>\n<p>En comen\u00e7ar la segona meitat va arribar el gol visitant, un miratge perqu\u00e8 seguirien caient m\u00e9s gols locals: tres m\u00e9s de Nil Rib\u00f3, dos d&#8217;Iker Quintana, dos de Jordi Padilla, i un d&#8217;Emili i Guillem per deixar el marcador en 15-2.<\/p>\n<p><img loading=\"lazy\" decoding=\"async\" class=\"aligncenter size-full wp-image-17844\" alt=\"alevE\" src=\"http:\/\/fegrama.cat\/web\/wp-content\/uploads\/2016\/10\/alevE.jpg\" width=\"792\" height=\"541\" srcset=\"http:\/\/fegrama.cat\/web\/wp-content\/uploads\/2016\/10\/alevE.jpg 792w, http:\/\/fegrama.cat\/web\/wp-content\/uploads\/2016\/10\/alevE-300x204.jpg 300w\" sizes=\"auto, (max-width: 792px) 100vw, 792px\" \/>Cuatro partidos en liga y cuatro victoria en un gran inicio de liga para los chicos de Jos\u00e9 Maria Tizon. La Grama fue muy superior al CF Sistrells F que no pudo hacer nada en todo el partido. Al descanso el marcador fue de 6-0 gracias a un hat-trick de Nil Rib\u00f3 y los goles de Antonio Sebasti\u00e1n, Yerai y Emili.<\/p>\n<\/div>\n<div>Al empezar la segunda mitad lleg\u00f3 el gol visitante, un espejismo porqu\u00e9 seguir\u00edan cayendo m\u00e1s goles locales: tres m\u00e1s de Nil Rib\u00f3, dos de Iker Quintana, dos de Jordi Padilla, y uno de Emili y Guillem para dejar el marcador en 15-2.<\/div>\n<\/div>\n<\/div>\n","protected":false},"excerpt":{"rendered":"<p>Quatre partits en lliga i 4 vict\u00f2ria en un gran inici de lliga per als nois de Jos\u00e9 Maria Tizon. La Grama va ser molt superior al CF Sistrells F que no va poder fer res en tot el partit. Al descans el marcador va ser de 6-0 gr\u00e0cies a un hat-trick de Nil Rib\u00f3 [&hellip;]<\/p>\n","protected":false},"author":1,"featured_media":17844,"comment_status":"closed","ping_status":"closed","sticky":false,"template":"","format":"standard","meta":{"footnotes":""},"categories":[10,4],"tags":[],"class_list":["post-17928","post","type-post","status-publish","format-standard","has-post-thumbnail","hentry","category-alevins","category-base-inclusiu"],"_links":{"self":[{"href":"http:\/\/fegrama.cat\/web\/wp-json\/wp\/v2\/posts\/17928","targetHints":{"allow":["GET"]}}],"collection":[{"href":"http:\/\/fegrama.cat\/web\/wp-json\/wp\/v2\/posts"}],"about":[{"href":"http:\/\/fegrama.cat\/web\/wp-json\/wp\/v2\/types\/post"}],"author":[{"embeddable":true,"href":"http:\/\/fegrama.cat\/web\/wp-json\/wp\/v2\/users\/1"}],"replies":[{"embeddable":true,"href":"http:\/\/fegrama.cat\/web\/wp-json\/wp\/v2\/comments?post=17928"}],"version-history":[{"count":3,"href":"http:\/\/fegrama.cat\/web\/wp-json\/wp\/v2\/posts\/17928\/revisions"}],"predecessor-version":[{"id":17935,"href":"http:\/\/fegrama.cat\/web\/wp-json\/wp\/v2\/posts\/17928\/revisions\/17935"}],"wp:featuredmedia":[{"embeddable":true,"href":"http:\/\/fegrama.cat\/web\/wp-json\/wp\/v2\/media\/17844"}],"wp:attachment":[{"href":"http:\/\/fegrama.cat\/web\/wp-json\/wp\/v2\/media?parent=17928"}],"wp:term":[{"taxonomy":"category","embeddable":true,"href":"http:\/\/fegrama.cat\/web\/wp-json\/wp\/v2\/categories?post=17928"},{"taxonomy":"post_tag","embeddable":true,"href":"http:\/\/fegrama.cat\/web\/wp-json\/wp\/v2\/tags?post=17928"}],"curies":[{"name":"wp","href":"https:\/\/api.w.org\/{rel}","templated":true}]}}