{"id":17927,"date":"2016-10-24T10:42:15","date_gmt":"2016-10-24T09:42:15","guid":{"rendered":"http:\/\/fegrama.cat\/web\/?p=17927"},"modified":"2016-10-24T10:42:15","modified_gmt":"2016-10-24T09:42:15","slug":"repartiment-de-punts-entre-lalevi-b-i-el-sabadell-b","status":"publish","type":"post","link":"http:\/\/fegrama.cat\/web\/repartiment-de-punts-entre-lalevi-b-i-el-sabadell-b\/","title":{"rendered":"Repartiment de punts entre l&#8217;Alev\u00ed B i el Sabadell B"},"content":{"rendered":"<p>Gran treball i molt bones sensacions de l&#8217;Alev\u00ed B davant un dels candidats a estar entre els quatre primers de la lliga. Al Nou Municipal hi va haver empat, 2-2, entre la FE Grama i el CE Sabadell FC &#8216;B&#8217;.<\/p>\n<p>El partit va comen\u00e7ar malament per als locals que van regalar el primer gol al Sabadell als dos minuts de joc. Despr\u00e9s de deu minuts en els quals la Fundaci\u00f3 va estar desapareguda per fi va arribar la reacci\u00f3, l&#8217;equip va recuperar el seu joc i al segon quart va arribar l&#8217;1-1, gol de Jordi Culi. Els colomencs no van poder tenir gaireb\u00e9 la pilota fins que va arribar l&#8217;1-2 en l&#8217;\u00faltim quart.<\/p>\n<p>Nadir va aconseguir empatar el partit i amb la possessi\u00f3 a favor de la Grama van arribar tres oportunitats clares de gol, tamb\u00e9 les va tenir el Sabadell que es va trobar amb un Julen molt segur a la porteria, i finalment repartiment de punts.<\/p>\n<p>[divider]<\/p>\n<p>Gran trabajo y muy buenas sensaciones del Alev\u00edn B ante uno de los candidatos a estar entre los cuatro primeros de la liga. En el Nou Municipal hubo empate, 2-2, entre la FE Grama y el\u00a0CE Sabadell FC \u2018B\u2019.<\/p>\n<p>El partido empez\u00f3 mal para los locales que regalaron el primer gol al Sabadell a los dos minutos de juego. Tras diez minutos en los que la Fundaci\u00f3 estuvo desaparecida al fin lleg\u00f3 la reacci\u00f3n, el equipo recuper\u00f3 su juego y en el segundo cuarto lleg\u00f3 el 1-1, gol de Jordi Culi. Los colomenses no pudieron tener casi la pelota hasta que lleg\u00f3 el 1-2 en el \u00faltimo cuarto.<\/p>\n<p>Nadir consigui\u00f3 empatar el partido y con la posesi\u00f3n a favor de la Grama llegaron tres oportunidades claras de gol, tambi\u00e9n las tuvo el Sabadell que se encontr\u00f3 con un Julen muy seguro en la porter\u00eda, y finalmente reparto de puntos.<\/p>\n","protected":false},"excerpt":{"rendered":"<p>Gran treball i molt bones sensacions de l&#8217;Alev\u00ed B davant un dels candidats a estar entre els quatre primers de la lliga. Al Nou Municipal hi va haver empat, 2-2, entre la FE Grama i el CE Sabadell FC &#8216;B&#8217;. El partit va comen\u00e7ar malament per als locals que van regalar el primer gol al [&hellip;]<\/p>\n","protected":false},"author":1,"featured_media":9647,"comment_status":"closed","ping_status":"closed","sticky":false,"template":"","format":"standard","meta":{"footnotes":""},"categories":[10,4],"tags":[],"class_list":["post-17927","post","type-post","status-publish","format-standard","has-post-thumbnail","hentry","category-alevins","category-base-inclusiu"],"_links":{"self":[{"href":"http:\/\/fegrama.cat\/web\/wp-json\/wp\/v2\/posts\/17927","targetHints":{"allow":["GET"]}}],"collection":[{"href":"http:\/\/fegrama.cat\/web\/wp-json\/wp\/v2\/posts"}],"about":[{"href":"http:\/\/fegrama.cat\/web\/wp-json\/wp\/v2\/types\/post"}],"author":[{"embeddable":true,"href":"http:\/\/fegrama.cat\/web\/wp-json\/wp\/v2\/users\/1"}],"replies":[{"embeddable":true,"href":"http:\/\/fegrama.cat\/web\/wp-json\/wp\/v2\/comments?post=17927"}],"version-history":[{"count":1,"href":"http:\/\/fegrama.cat\/web\/wp-json\/wp\/v2\/posts\/17927\/revisions"}],"predecessor-version":[{"id":17931,"href":"http:\/\/fegrama.cat\/web\/wp-json\/wp\/v2\/posts\/17927\/revisions\/17931"}],"wp:featuredmedia":[{"embeddable":true,"href":"http:\/\/fegrama.cat\/web\/wp-json\/wp\/v2\/media\/9647"}],"wp:attachment":[{"href":"http:\/\/fegrama.cat\/web\/wp-json\/wp\/v2\/media?parent=17927"}],"wp:term":[{"taxonomy":"category","embeddable":true,"href":"http:\/\/fegrama.cat\/web\/wp-json\/wp\/v2\/categories?post=17927"},{"taxonomy":"post_tag","embeddable":true,"href":"http:\/\/fegrama.cat\/web\/wp-json\/wp\/v2\/tags?post=17927"}],"curies":[{"name":"wp","href":"https:\/\/api.w.org\/{rel}","templated":true}]}}