{"id":17925,"date":"2016-10-24T10:34:28","date_gmt":"2016-10-24T09:34:28","guid":{"rendered":"http:\/\/fegrama.cat\/web\/?p=17925"},"modified":"2016-10-24T10:34:28","modified_gmt":"2016-10-24T09:34:28","slug":"lalevi-c-va-caure-a-casa-contra-el-badia","status":"publish","type":"post","link":"http:\/\/fegrama.cat\/web\/lalevi-c-va-caure-a-casa-contra-el-badia\/","title":{"rendered":"L&#8217;Alev\u00ed C va caure a casa contra el Badia"},"content":{"rendered":"<p>L&#8217;Alev\u00ed C no va poder davant el CD Badia del Vall\u00e8s, un rival complicat que va guanyar 3-5.<\/p>\n<p>Al primer quart el partit va quedar pr\u00e0cticament sentenciat. El rival va arribar tres vegades i es va posar 0-3 en 10 minuts. El xoc es va fer costa amunt per als colomencs que ho van intentar i van aconseguir retallar dist\u00e0ncies amb gol de Marc per\u00f2 van marxar al descans amb un complicat 1-4.<\/p>\n<p>A la segona meitat la Fundaci\u00f3 va millorar davant un equip de segon any amb una mica m\u00e9s d&#8217;experi\u00e8ncia i millor f\u00edsic. Alberto i H\u00e9ctor van marcar per als locals que excepte al primer quart en el qual van sortir amb dubtes van estar amb una actitud fenomenal tot el partit.<\/p>\n<p style=\"text-align: center;\"><a href=\"http:\/\/fegrama.cat\/web\/wp-content\/uploads\/2016\/10\/IMG-20161015-WA0011.jpg\"><img loading=\"lazy\" decoding=\"async\" class=\"aligncenter  wp-image-17758\" alt=\"IMG-20161015-WA0011\" src=\"http:\/\/fegrama.cat\/web\/wp-content\/uploads\/2016\/10\/IMG-20161015-WA0011.jpg\" width=\"819\" height=\"460\" \/><\/a><\/p>\n<p>El Alev\u00edn C no pudo ante el CD Badia del Vall\u00e8s, un rival complicado que gan\u00f3 3-5.<\/p>\n<p>En el primer cuarto el partido qued\u00f3 pr\u00e1cticamente sentenciado. El rival lleg\u00f3 tres veces y se puso 0-3 en 10 minutos. El choque se les hizo cuesta arriba a los colomenses que lo intentaron y consiguieron recortar distancias con gol de Marc pero se fueron al descanso con un complicado 1-4.<\/p>\n<p>En la segunda mitad la Fundaci\u00f3 mejor\u00f3 ante un equipo de segundo a\u00f1o con un poco m\u00e1s de experiencia y mejor f\u00edsico. Alberto y H\u00e9ctor marcaron para los locales que salvo en el primer cuarto en el que salieron con dudas estuvieron con una actitud fenomenal todo el partido.<\/p>\n","protected":false},"excerpt":{"rendered":"<p>L&#8217;Alev\u00ed C no va poder davant el CD Badia del Vall\u00e8s, un rival complicat que va guanyar 3-5. Al primer quart el partit va quedar pr\u00e0cticament sentenciat. El rival va arribar tres vegades i es va posar 0-3 en 10 minuts. El xoc es va fer costa amunt per als colomencs que ho van intentar [&hellip;]<\/p>\n","protected":false},"author":1,"featured_media":0,"comment_status":"closed","ping_status":"closed","sticky":false,"template":"","format":"standard","meta":{"footnotes":""},"categories":[10,4],"tags":[],"class_list":["post-17925","post","type-post","status-publish","format-standard","hentry","category-alevins","category-base-inclusiu"],"_links":{"self":[{"href":"http:\/\/fegrama.cat\/web\/wp-json\/wp\/v2\/posts\/17925","targetHints":{"allow":["GET"]}}],"collection":[{"href":"http:\/\/fegrama.cat\/web\/wp-json\/wp\/v2\/posts"}],"about":[{"href":"http:\/\/fegrama.cat\/web\/wp-json\/wp\/v2\/types\/post"}],"author":[{"embeddable":true,"href":"http:\/\/fegrama.cat\/web\/wp-json\/wp\/v2\/users\/1"}],"replies":[{"embeddable":true,"href":"http:\/\/fegrama.cat\/web\/wp-json\/wp\/v2\/comments?post=17925"}],"version-history":[{"count":1,"href":"http:\/\/fegrama.cat\/web\/wp-json\/wp\/v2\/posts\/17925\/revisions"}],"predecessor-version":[{"id":17926,"href":"http:\/\/fegrama.cat\/web\/wp-json\/wp\/v2\/posts\/17925\/revisions\/17926"}],"wp:attachment":[{"href":"http:\/\/fegrama.cat\/web\/wp-json\/wp\/v2\/media?parent=17925"}],"wp:term":[{"taxonomy":"category","embeddable":true,"href":"http:\/\/fegrama.cat\/web\/wp-json\/wp\/v2\/categories?post=17925"},{"taxonomy":"post_tag","embeddable":true,"href":"http:\/\/fegrama.cat\/web\/wp-json\/wp\/v2\/tags?post=17925"}],"curies":[{"name":"wp","href":"https:\/\/api.w.org\/{rel}","templated":true}]}}