{"id":17900,"date":"2016-10-24T10:34:21","date_gmt":"2016-10-24T09:34:21","guid":{"rendered":"http:\/\/fegrama.cat\/web\/?p=17900"},"modified":"2016-10-24T10:34:21","modified_gmt":"2016-10-24T09:34:21","slug":"lalevi-d-dona-bona-imatge-pero-cau-a-trajana","status":"publish","type":"post","link":"http:\/\/fegrama.cat\/web\/lalevi-d-dona-bona-imatge-pero-cau-a-trajana\/","title":{"rendered":"L&#8217;Alev\u00ed D d\u00f3na bona imatge per\u00f2 cau a Trajana"},"content":{"rendered":"<p>Molt bon partit de l&#8217;Alev\u00ed D al camp del l\u00edder, donant molt bona imatge. La mala sort va fer que la pilota\u00a0no acab\u00e9s en gol, mentre&#8217;s tant els locals van marcar les poques que van tenir.<\/p>\n<p dir=\"ltr\">Visita a un camp complicat i contra un equip candidat ferm a ser campi\u00f3 de lliga. El Trajana-PB Sant Just, amb un equip de caracter\u00edstiques f\u00edsiques molt grans es van posar pel davant al primer quart per 2-0 buscant les esquenes dels defensors colomencs. Al segon quart la Grama va aconseguir igualar bastant el nivell i comen\u00e7aven a arribar a dalt amb m\u00e9s claredat.<\/p>\n<p dir=\"ltr\">Despr\u00e9s del descans el marcador no \u00e9s va moure, la Fundaci\u00f3 va estar tota l&#8217;estona al camp del Trajana, gaireb\u00e9 no podien sortir, i van tenir bastants ocasions per\u00f2 sense encert, incl\u00fas enviant la pilota al pal. Ja a l&#8217;\u00faltim quart, els colomencs van seguir apretant amb una pressi\u00f3 m\u00e9s alta i malauradament en una de les \u00faltimes jugades va arribar el 3-0 definitiu.<\/p>\n<p dir=\"ltr\" style=\"text-align: center;\"><a href=\"http:\/\/fegrama.cat\/web\/wp-content\/uploads\/2016\/10\/alevD1617.jpg\"><img loading=\"lazy\" decoding=\"async\" class=\"aligncenter  wp-image-17453\" alt=\"alevD1617\" src=\"http:\/\/fegrama.cat\/web\/wp-content\/uploads\/2016\/10\/alevD1617.jpg\" width=\"640\" height=\"480\" \/><\/a><\/p>\n<p>Muy buen partido del Alev\u00edn D en el campo del l\u00edder, dando muy buena imagen. La mala suerte hizo que el bal\u00f3n no acabara en gol, mientras tanto los locales marcaron las pocas que tuvieron.<\/p>\n<p>Visita a un campo complicado y contra un equipo candidato firme a ser campe\u00f3n de liga. El Trajana-PB Sant Just, con un equipo de caracter\u00edsticas f\u00edsicas muy grandes se pusieron por delante en el primer cuarto por 2-0 buscando las espaldas de los defensores colomenses. En el segundo cuarto la Grama logr\u00f3 igualar bastante el nivel y comenzaban a llegar arriba con m\u00e1s claridad.<\/p>\n<p>Tras el descanso el marcador no se movi\u00f3, la Fundaci\u00f3 estuvo todo el rato en el campo del Trajana, casi no pod\u00edan salir, y tuvieron bastantes ocasiones pero sin acierto, incluso enviando el bal\u00f3n al palo. Ya en el \u00faltimo cuarto, los colomenses siguieron apretando con una presi\u00f3n m\u00e1s alta y desgraciadamente en una de las \u00faltimas jugadas lleg\u00f3 el 3-0 definitivo.<\/p>\n","protected":false},"excerpt":{"rendered":"<p>Molt bon partit de l&#8217;Alev\u00ed D al camp del l\u00edder, donant molt bona imatge. La mala sort va fer que la pilota\u00a0no acab\u00e9s en gol, mentre&#8217;s tant els locals van marcar les poques que van tenir. Visita a un camp complicat i contra un equip candidat ferm a ser campi\u00f3 de lliga. El Trajana-PB Sant [&hellip;]<\/p>\n","protected":false},"author":1,"featured_media":0,"comment_status":"closed","ping_status":"closed","sticky":false,"template":"","format":"standard","meta":{"footnotes":""},"categories":[10,4],"tags":[],"class_list":["post-17900","post","type-post","status-publish","format-standard","hentry","category-alevins","category-base-inclusiu"],"_links":{"self":[{"href":"http:\/\/fegrama.cat\/web\/wp-json\/wp\/v2\/posts\/17900","targetHints":{"allow":["GET"]}}],"collection":[{"href":"http:\/\/fegrama.cat\/web\/wp-json\/wp\/v2\/posts"}],"about":[{"href":"http:\/\/fegrama.cat\/web\/wp-json\/wp\/v2\/types\/post"}],"author":[{"embeddable":true,"href":"http:\/\/fegrama.cat\/web\/wp-json\/wp\/v2\/users\/1"}],"replies":[{"embeddable":true,"href":"http:\/\/fegrama.cat\/web\/wp-json\/wp\/v2\/comments?post=17900"}],"version-history":[{"count":2,"href":"http:\/\/fegrama.cat\/web\/wp-json\/wp\/v2\/posts\/17900\/revisions"}],"predecessor-version":[{"id":17930,"href":"http:\/\/fegrama.cat\/web\/wp-json\/wp\/v2\/posts\/17900\/revisions\/17930"}],"wp:attachment":[{"href":"http:\/\/fegrama.cat\/web\/wp-json\/wp\/v2\/media?parent=17900"}],"wp:term":[{"taxonomy":"category","embeddable":true,"href":"http:\/\/fegrama.cat\/web\/wp-json\/wp\/v2\/categories?post=17900"},{"taxonomy":"post_tag","embeddable":true,"href":"http:\/\/fegrama.cat\/web\/wp-json\/wp\/v2\/tags?post=17900"}],"curies":[{"name":"wp","href":"https:\/\/api.w.org\/{rel}","templated":true}]}}