{"id":17872,"date":"2016-10-24T10:08:19","date_gmt":"2016-10-24T09:08:19","guid":{"rendered":"http:\/\/fegrama.cat\/web\/?p=17872"},"modified":"2016-10-24T10:08:19","modified_gmt":"2016-10-24T09:08:19","slug":"el-benjami-a-va-empatar-a-2-contra-el-masnou","status":"publish","type":"post","link":"http:\/\/fegrama.cat\/web\/el-benjami-a-va-empatar-a-2-contra-el-masnou\/","title":{"rendered":"El Benjam\u00ed A va empatar a 2 contra el Masnou"},"content":{"rendered":"<p>D&#8217;1 en 1 se suma molt lent i aix\u00f2 ho saben de primera m\u00e0 els nois de Carlos i Carles Mart\u00edn. El Benjam\u00ed A va sumar el seu tercer empat en quatre jornades, aquest cop 2-2 davant el CD Masnou.<\/p>\n<p>La Grama va fer bon partit, van dominar per\u00f2 de nou van fallar en atac. Els locals van aconseguir posar-se 2-0 al marcador per\u00f2 abans de l&#8217;\u00faltim quart els colomencs ja havien empatat gr\u00e0cies als gols d&#8217;Alex Garc\u00eda i Eric Andr\u00e9s. A l&#8217;\u00faltima part el gol de la vict\u00f2ria es va resistir.<\/p>\n<p><a href=\"http:\/\/fegrama.cat\/web\/wp-content\/uploads\/2016\/10\/benjA.jpg\"><img loading=\"lazy\" decoding=\"async\" class=\"aligncenter\" alt=\"benjA\" src=\"http:\/\/fegrama.cat\/web\/wp-content\/uploads\/2016\/10\/benjA.jpg\" width=\"557\" height=\"417\" \/><\/a><\/p>\n<p>De 1 en 1 se suma muy lento y eso lo saben de primera mano los chicos de Carlos y Carles Mart\u00edn. El Benjam\u00edn A sum\u00f3 su tercer empate en cuatro jornadas, esta vez 2-2 ante el CD Masnou.<\/p>\n<p>La Grama hizo buen partido, dominaron pero de nuevo fallaron en ataque. Los locales consiguieron ponerse 2-0 en el marcador pero antes del \u00faltimo cuarto los colomenses ya hab\u00edan empatado gracias a los goles de Alex Garc\u00eda y Eric Andr\u00e9s. En la \u00faltima parte el gol de la victoria se resisti\u00f3.<\/p>\n","protected":false},"excerpt":{"rendered":"<p>D&#8217;1 en 1 se suma molt lent i aix\u00f2 ho saben de primera m\u00e0 els nois de Carlos i Carles Mart\u00edn. El Benjam\u00ed A va sumar el seu tercer empat en quatre jornades, aquest cop 2-2 davant el CD Masnou. La Grama va fer bon partit, van dominar per\u00f2 de nou van fallar en atac. [&hellip;]<\/p>\n","protected":false},"author":1,"featured_media":0,"comment_status":"closed","ping_status":"closed","sticky":false,"template":"","format":"standard","meta":{"footnotes":""},"categories":[4,11],"tags":[24],"class_list":["post-17872","post","type-post","status-publish","format-standard","hentry","category-base-inclusiu","category-benjamins","tag-fundacio-esportiva-grama"],"_links":{"self":[{"href":"http:\/\/fegrama.cat\/web\/wp-json\/wp\/v2\/posts\/17872","targetHints":{"allow":["GET"]}}],"collection":[{"href":"http:\/\/fegrama.cat\/web\/wp-json\/wp\/v2\/posts"}],"about":[{"href":"http:\/\/fegrama.cat\/web\/wp-json\/wp\/v2\/types\/post"}],"author":[{"embeddable":true,"href":"http:\/\/fegrama.cat\/web\/wp-json\/wp\/v2\/users\/1"}],"replies":[{"embeddable":true,"href":"http:\/\/fegrama.cat\/web\/wp-json\/wp\/v2\/comments?post=17872"}],"version-history":[{"count":1,"href":"http:\/\/fegrama.cat\/web\/wp-json\/wp\/v2\/posts\/17872\/revisions"}],"predecessor-version":[{"id":17873,"href":"http:\/\/fegrama.cat\/web\/wp-json\/wp\/v2\/posts\/17872\/revisions\/17873"}],"wp:attachment":[{"href":"http:\/\/fegrama.cat\/web\/wp-json\/wp\/v2\/media?parent=17872"}],"wp:term":[{"taxonomy":"category","embeddable":true,"href":"http:\/\/fegrama.cat\/web\/wp-json\/wp\/v2\/categories?post=17872"},{"taxonomy":"post_tag","embeddable":true,"href":"http:\/\/fegrama.cat\/web\/wp-json\/wp\/v2\/tags?post=17872"}],"curies":[{"name":"wp","href":"https:\/\/api.w.org\/{rel}","templated":true}]}}