{"id":17868,"date":"2016-10-24T13:30:34","date_gmt":"2016-10-24T12:30:34","guid":{"rendered":"http:\/\/fegrama.cat\/web\/?p=17868"},"modified":"2016-10-24T13:30:34","modified_gmt":"2016-10-24T12:30:34","slug":"linfantil-a-va-guanyar-al-jupiter","status":"publish","type":"post","link":"http:\/\/fegrama.cat\/web\/linfantil-a-va-guanyar-al-jupiter\/","title":{"rendered":"L&#8217;Infantil A va guanyar al J\u00fapiter"},"content":{"rendered":"<p>Tres partits, tres vict\u00f2ries i zero gols encaixats. L&#8217;Infantil A, dirigit per Iv\u00e1n Cort\u00e9s i Litri, va guanyar 2-0 a la Fundaci\u00f3 Priv. CE J\u00fapiter.<\/p>\n<p>Primera meitat dominada per la Grama, ells tenien m\u00e9s pilota i bons acostaments a l&#8217;\u00e0rea contr\u00e0ria. Els visitants no van inquietar el porter local en cap moment, sense atacs clars gr\u00e0cies al gran treball defensiu de la Fundaci\u00f3. La insist\u00e8ncia local va tenir el seu premi al minut 13 i 26, primer va ser Adri\u00e1n D\u00edaz i despr\u00e9s Aleix Hernando amb un gol\u00e0s des de la banda.<\/p>\n<p>Despr\u00e9s del pas per vestuaris vam veure molt poques ocasions de gol per part dels dos conjunts. La millor ocasi\u00f3 arribaria al descompte amb un xut del J\u00fapiter que el porter local enviaria a c\u00f3rner amb l&#8217;ajuda del travesser per deixar a 0 la seva porteria.<\/p>\n<p><strong>FOTOS DEL PARTIT:<\/strong>\u00a0<a href=\"https:\/\/goo.gl\/photos\/nx4zKGDdh6qjZGHP6\" target=\"_blank\">https:\/\/goo.gl\/photos\/nx4zKGDdh6qjZGHP6<\/a><\/p>\n<p style=\"text-align: center;\"><a href=\"http:\/\/fegrama.cat\/web\/wp-content\/uploads\/2016\/10\/infA.jpg\"><img loading=\"lazy\" decoding=\"async\" class=\"aligncenter  wp-image-17869\" alt=\"infA\" src=\"http:\/\/fegrama.cat\/web\/wp-content\/uploads\/2016\/10\/infA.jpg\" width=\"640\" height=\"464\" srcset=\"http:\/\/fegrama.cat\/web\/wp-content\/uploads\/2016\/10\/infA.jpg 800w, http:\/\/fegrama.cat\/web\/wp-content\/uploads\/2016\/10\/infA-300x217.jpg 300w\" sizes=\"auto, (max-width: 640px) 100vw, 640px\" \/><\/a><\/p>\n<p>Tres partidos, tres victorias y cero goles encajados. El Infantil A, dirigido por Iv\u00e1n Cort\u00e9s y Litri, gan\u00f3 2-0 a la Fundaci\u00f3 Priv. CE J\u00fapiter.<\/p>\n<p>Primera mitad dominada por la Grama, ellos ten\u00edan m\u00e1s bal\u00f3n y buenos acercamientos al \u00e1rea contraria. Los visitantes no inquietaron al portero local en ning\u00fan momento, sin ataques claros gracias al gran trabajo defensivo de la Fundaci\u00f3. La insistencia local tuvo su premio en el minuto 13 y 26, primero fue Adri\u00e1n D\u00edaz y despu\u00e9s Aleix Hernando con un golazo desde la banda.<\/p>\n<p>Tras el paso por vestuarios vimos muy pocas ocasiones de gol por parte de los dos conjuntos. La mejor ocasi\u00f3n llegar\u00eda en el descuento con un chute del J\u00fapiter que el portero local enviar\u00eda a c\u00f3rner con la ayuda del larguero para dejar a 0 su porter\u00eda.<\/p>\n","protected":false},"excerpt":{"rendered":"<p>Tres partits, tres vict\u00f2ries i zero gols encaixats. L&#8217;Infantil A, dirigit per Iv\u00e1n Cort\u00e9s i Litri, va guanyar 2-0 a la Fundaci\u00f3 Priv. CE J\u00fapiter. Primera meitat dominada per la Grama, ells tenien m\u00e9s pilota i bons acostaments a l&#8217;\u00e0rea contr\u00e0ria. Els visitants no van inquietar el porter local en cap moment, sense atacs clars [&hellip;]<\/p>\n","protected":false},"author":1,"featured_media":17869,"comment_status":"closed","ping_status":"closed","sticky":false,"template":"","format":"standard","meta":{"footnotes":""},"categories":[4,9],"tags":[24,55],"class_list":["post-17868","post","type-post","status-publish","format-standard","has-post-thumbnail","hentry","category-base-inclusiu","category-infantils","tag-fundacio-esportiva-grama","tag-nou-municipal-de-santa-coloma"],"_links":{"self":[{"href":"http:\/\/fegrama.cat\/web\/wp-json\/wp\/v2\/posts\/17868","targetHints":{"allow":["GET"]}}],"collection":[{"href":"http:\/\/fegrama.cat\/web\/wp-json\/wp\/v2\/posts"}],"about":[{"href":"http:\/\/fegrama.cat\/web\/wp-json\/wp\/v2\/types\/post"}],"author":[{"embeddable":true,"href":"http:\/\/fegrama.cat\/web\/wp-json\/wp\/v2\/users\/1"}],"replies":[{"embeddable":true,"href":"http:\/\/fegrama.cat\/web\/wp-json\/wp\/v2\/comments?post=17868"}],"version-history":[{"count":2,"href":"http:\/\/fegrama.cat\/web\/wp-json\/wp\/v2\/posts\/17868\/revisions"}],"predecessor-version":[{"id":17871,"href":"http:\/\/fegrama.cat\/web\/wp-json\/wp\/v2\/posts\/17868\/revisions\/17871"}],"wp:featuredmedia":[{"embeddable":true,"href":"http:\/\/fegrama.cat\/web\/wp-json\/wp\/v2\/media\/17869"}],"wp:attachment":[{"href":"http:\/\/fegrama.cat\/web\/wp-json\/wp\/v2\/media?parent=17868"}],"wp:term":[{"taxonomy":"category","embeddable":true,"href":"http:\/\/fegrama.cat\/web\/wp-json\/wp\/v2\/categories?post=17868"},{"taxonomy":"post_tag","embeddable":true,"href":"http:\/\/fegrama.cat\/web\/wp-json\/wp\/v2\/tags?post=17868"}],"curies":[{"name":"wp","href":"https:\/\/api.w.org\/{rel}","templated":true}]}}