{"id":16899,"date":"2016-05-30T07:40:32","date_gmt":"2016-05-30T06:40:32","guid":{"rendered":"http:\/\/fegrama.cat\/web\/?p=16899"},"modified":"2016-05-30T11:08:14","modified_gmt":"2016-05-30T10:08:14","slug":"lalevi-d-acaba-la-temporada-en-quarta-posicio","status":"publish","type":"post","link":"http:\/\/fegrama.cat\/web\/lalevi-d-acaba-la-temporada-en-quarta-posicio\/","title":{"rendered":"L&#8217;Alev\u00ed D acaba la temporada en quarta posici\u00f3"},"content":{"rendered":"<p>El conjunt dirigit per Iv\u00e1n Romera va guanyar a Nou Barris per 2-4 a la Monta\u00f1esa D per arrabassar-los la quarta pla\u00e7a de la lliga.<\/p>\n<p>L&#8217;ambient era de final ja que els dos equips arribaven empatats a punts i es jugaven la quarta posici\u00f3. El partit va ser molt intens, el primer quart va estar molt igualat, els equips es coneixien i es deixaven jugar poc entre ells tot i que la Grama a poc a poc va comen\u00e7ar a adormir el partit tenint la possessi\u00f3. Un gran jugada de Jordi per la banda, que va marxar de dos, va assistir a Marc Ortega que la va trencar per l&#8217;escaire.<\/p>\n<p>Poc despr\u00e9s la Monta\u00f1esa empatava en una falta que va atrapar despistats als colomencs, servei en curt per el seu davanter. Segon quart molt similar tot i que cada vegada la Grama es va sentir millor amb possessions m\u00e9s llargues. David Mballo va posar el 1-2 en una acci\u00f3 de c\u00f3rner i el resultat no es mouria fins a l&#8217;\u00faltim quart tot i les moltes ocasions dels visitants en el tercer.<\/p>\n<p>A falta de 5 minuts per al final Yousseff pressionant els centrals va aconseguir robar la pilota i amb un xut ajustat al pal va posar el 1-3 gaireb\u00e9 definitiu que deixava en quarta posici\u00f3 a la Grama per\u00f2 tocaria patir ja que en la seg\u00fcent acci\u00f3 la Monta\u00f1esa va fer el 2-3. En l&#8217;\u00faltim minut amb els locals atacant l&#8217;\u00e0rbitre xiulava falta dins de l&#8217;\u00e0rea per retenci\u00f3 de la pilota. Es mastegava el pitjor ja que l&#8217;empat deixava en quart lloc als locals i la Grama en una injusta cinquena posici\u00f3.<\/p>\n<p>La pilota va xocar a la barrera i Alan es va encarregar de fer just\u00edcia en l&#8217;\u00faltim segon matant el partit amb el 2-4, acte despr\u00e9s arribava el xiulet final de l&#8217;\u00e0rbitre.<\/p>\n<p><a href=\"http:\/\/fegrama.cat\/web\/wp-content\/uploads\/2013\/12\/DSC1862.jpg\"><img loading=\"lazy\" decoding=\"async\" class=\"aligncenter\" alt=\"Alev\u00ed D 1516\" src=\"http:\/\/fegrama.cat\/web\/wp-content\/uploads\/2013\/12\/DSC1862-1024x664.jpg\" width=\"618\" height=\"400\" \/><\/a><strong><\/strong><\/p>\n<div>El conjunto dirigido por Iv\u00e1n Romera gan\u00f3 en Nou Barris por 2-4 a la Monta\u00f1esa D para arrebatarles la cuarta plaza de la liga.<\/div>\n<div><\/div>\n<div>El ambiente era de final ya que los dos equipos llegaban empatados a puntos y se jugaban la cuarta posici\u00f3n. El partido fue muy intenso, el primer cuarto estuvo mu\u00ed igualado, los equipos se conoc\u00edan y se dejaban jugar poco entre ellos aun que la Grama poco a poco empez\u00f3 a dormir el partido teniendo la posesi\u00f3n. Un jugad\u00f3n de Jordi por la banda, que se march\u00f3 de dos, asisti\u00f3 a Marc Ortega que la rompi\u00f3 por la escuadra.<\/div>\n<div><\/div>\n<div>Poco despu\u00e9s la Monta\u00f1esa empataba en una falta que pill\u00f3 despistados a los colomenses, saque en corto para su delantero. Segundo cuarto muy similar aun que cada vez la Grama se sinti\u00f3 mejor con posesiones m\u00e1s largas. David Mballo puso el 1-2 en una acci\u00f3n de c\u00f3rner y el resultado no se mover\u00eda hasta el \u00faltimo cuarto pese a las muchas ocasiones de los visitantes en el tercero.<\/div>\n<div><\/div>\n<div>A falta de 5 minutos para el final Yousseff presionando a los centrales consigui\u00f3 robar la pelota y con un bal\u00f3n ajustado al palo puso el 1-3 casi definitivo que dejaba en cuarta posici\u00f3n a la Grama pero aun tocar\u00eda sufrir ya que en la siguiente acci\u00f3n la Monta\u00f1esa hizo el 2-3. En el \u00faltimo minuto con los locales atacando el \u00e1rbitro pitaba falta dentro del \u00e1rea por retenci\u00f3n del bal\u00f3n. Se mascaba lo peor ya que el empate dejaba en cuarto lugar a los locales y a la Grama en una injusta quinta posici\u00f3n.<\/div>\n<div><\/div>\n<div>La pelota choc\u00f3 en la barrera y Alan se encarg\u00f3 de hacer justicia en el \u00faltimo segundo matando el partido con el 2-4, acto despu\u00e9s llegaba el pitido final del \u00e1rbitro.<\/div>\n","protected":false},"excerpt":{"rendered":"<p>El conjunt dirigit per Iv\u00e1n Romera va guanyar a Nou Barris per 2-4 a la Monta\u00f1esa D per arrabassar-los la quarta pla\u00e7a de la lliga. L&#8217;ambient era de final ja que els dos equips arribaven empatats a punts i es jugaven la quarta posici\u00f3. El partit va ser molt intens, el primer quart va estar [&hellip;]<\/p>\n","protected":false},"author":1,"featured_media":14891,"comment_status":"closed","ping_status":"closed","sticky":false,"template":"","format":"standard","meta":{"footnotes":""},"categories":[10,4],"tags":[],"class_list":["post-16899","post","type-post","status-publish","format-standard","has-post-thumbnail","hentry","category-alevins","category-base-inclusiu"],"_links":{"self":[{"href":"http:\/\/fegrama.cat\/web\/wp-json\/wp\/v2\/posts\/16899","targetHints":{"allow":["GET"]}}],"collection":[{"href":"http:\/\/fegrama.cat\/web\/wp-json\/wp\/v2\/posts"}],"about":[{"href":"http:\/\/fegrama.cat\/web\/wp-json\/wp\/v2\/types\/post"}],"author":[{"embeddable":true,"href":"http:\/\/fegrama.cat\/web\/wp-json\/wp\/v2\/users\/1"}],"replies":[{"embeddable":true,"href":"http:\/\/fegrama.cat\/web\/wp-json\/wp\/v2\/comments?post=16899"}],"version-history":[{"count":3,"href":"http:\/\/fegrama.cat\/web\/wp-json\/wp\/v2\/posts\/16899\/revisions"}],"predecessor-version":[{"id":16905,"href":"http:\/\/fegrama.cat\/web\/wp-json\/wp\/v2\/posts\/16899\/revisions\/16905"}],"wp:featuredmedia":[{"embeddable":true,"href":"http:\/\/fegrama.cat\/web\/wp-json\/wp\/v2\/media\/14891"}],"wp:attachment":[{"href":"http:\/\/fegrama.cat\/web\/wp-json\/wp\/v2\/media?parent=16899"}],"wp:term":[{"taxonomy":"category","embeddable":true,"href":"http:\/\/fegrama.cat\/web\/wp-json\/wp\/v2\/categories?post=16899"},{"taxonomy":"post_tag","embeddable":true,"href":"http:\/\/fegrama.cat\/web\/wp-json\/wp\/v2\/tags?post=16899"}],"curies":[{"name":"wp","href":"https:\/\/api.w.org\/{rel}","templated":true}]}}