{"id":16897,"date":"2016-05-30T07:45:56","date_gmt":"2016-05-30T06:45:56","guid":{"rendered":"http:\/\/fegrama.cat\/web\/?p=16897"},"modified":"2016-05-30T09:51:17","modified_gmt":"2016-05-30T08:51:17","slug":"lalevi-c-va-tancar-la-temporada-amb-victoria-a-vilassar","status":"publish","type":"post","link":"http:\/\/fegrama.cat\/web\/lalevi-c-va-tancar-la-temporada-amb-victoria-a-vilassar\/","title":{"rendered":"L&#8217;Alev\u00ed C va tancar la temporada amb vict\u00f2ria a Vilassar"},"content":{"rendered":"<p>L&#8217;equip de Dani Anguita va tancar la seva reeixida temporada el divendres al Municipal Xevi Remon. Vict\u00f2ria de l&#8217;Alev\u00ed C per un ajustat 2-3 davant la UE Vilassar de Mar D.<\/p>\n<p>Sense res a jugar-se els colomencs van sortir al camp a posar en pr\u00e0ctica tot el que han apr\u00e8s durant l&#8217;any (diferents sistemes) en cada quart. Van comen\u00e7ar com motos avan\u00e7ant-se al marcador, i aconseguint arribar al descans amb 0-3 amb un gol\u00e0s de Mario. Despr\u00e9s del pas per vestuaris van afluixar una mica i els locals van retallar dist\u00e0ncies en el marcador.<\/p>\n<p>Mikel va mantenir l&#8217;1-3 amb dos grand\u00edssimes intervencions per\u00f2 en l&#8217;\u00faltim quart en un contraatac no va poder evitar el 2-3. Una \u00faltima part en qu\u00e8 la Grama enviaria dues pilotes al pal i on a H\u00e9ctor li van fer dos penals que no van ser assenyalats.<\/p>\n<p><a href=\"http:\/\/fegrama.cat\/web\/wp-content\/uploads\/2013\/12\/DSC1860.jpg\"><img loading=\"lazy\" decoding=\"async\" class=\"aligncenter\" alt=\"Alev\u00ed C 1516\" src=\"http:\/\/fegrama.cat\/web\/wp-content\/uploads\/2013\/12\/DSC1860-1024x664.jpg\" width=\"618\" height=\"400\" \/><\/a><strong><\/strong><\/p>\n<div>El equipo de Dani Anguita cerr\u00f3 su exitosa temporada el viernes en el Municipal Xevi Remon. Victoria del Alev\u00edn C por un ajustado 2-3 ante la UE Vilassar de Mar D.<\/div>\n<div><\/div>\n<div>Sin nada que jugarse los colomenses salieron al campo a poner en pr\u00e1ctica todo lo que han aprendido durante el a\u00f1o (diferentes sistemas) en cada cuarto. Empezaron como motos adelant\u00e1ndose en el marcador, y consiguiendo llegar al descanso con 0-3 con un golazo de Mario. Tras el paso por vestuarios aflojaron un poco y los locales recortaron distancias en el marcador.<\/div>\n<div><\/div>\n<div>Mikel mantuvo el 1-3 con dos grand\u00edsimas intervenciones pero en el \u00faltimo cuarto en un contraataque no pudo evitar el 2-3. Una \u00faltima parte en la que la Grama enviar\u00eda dos balones al palo y donde a H\u00e9ctor le hicieron dos penaltis que no fueron se\u00f1alados.<\/div>\n","protected":false},"excerpt":{"rendered":"<p>L&#8217;equip de Dani Anguita va tancar la seva reeixida temporada el divendres al Municipal Xevi Remon. Vict\u00f2ria de l&#8217;Alev\u00ed C per un ajustat 2-3 davant la UE Vilassar de Mar D. Sense res a jugar-se els colomencs van sortir al camp a posar en pr\u00e0ctica tot el que han apr\u00e8s durant l&#8217;any (diferents sistemes) en [&hellip;]<\/p>\n","protected":false},"author":1,"featured_media":14890,"comment_status":"closed","ping_status":"closed","sticky":false,"template":"","format":"standard","meta":{"footnotes":""},"categories":[10,4],"tags":[],"class_list":["post-16897","post","type-post","status-publish","format-standard","has-post-thumbnail","hentry","category-alevins","category-base-inclusiu"],"_links":{"self":[{"href":"http:\/\/fegrama.cat\/web\/wp-json\/wp\/v2\/posts\/16897","targetHints":{"allow":["GET"]}}],"collection":[{"href":"http:\/\/fegrama.cat\/web\/wp-json\/wp\/v2\/posts"}],"about":[{"href":"http:\/\/fegrama.cat\/web\/wp-json\/wp\/v2\/types\/post"}],"author":[{"embeddable":true,"href":"http:\/\/fegrama.cat\/web\/wp-json\/wp\/v2\/users\/1"}],"replies":[{"embeddable":true,"href":"http:\/\/fegrama.cat\/web\/wp-json\/wp\/v2\/comments?post=16897"}],"version-history":[{"count":1,"href":"http:\/\/fegrama.cat\/web\/wp-json\/wp\/v2\/posts\/16897\/revisions"}],"predecessor-version":[{"id":16898,"href":"http:\/\/fegrama.cat\/web\/wp-json\/wp\/v2\/posts\/16897\/revisions\/16898"}],"wp:featuredmedia":[{"embeddable":true,"href":"http:\/\/fegrama.cat\/web\/wp-json\/wp\/v2\/media\/14890"}],"wp:attachment":[{"href":"http:\/\/fegrama.cat\/web\/wp-json\/wp\/v2\/media?parent=16897"}],"wp:term":[{"taxonomy":"category","embeddable":true,"href":"http:\/\/fegrama.cat\/web\/wp-json\/wp\/v2\/categories?post=16897"},{"taxonomy":"post_tag","embeddable":true,"href":"http:\/\/fegrama.cat\/web\/wp-json\/wp\/v2\/tags?post=16897"}],"curies":[{"name":"wp","href":"https:\/\/api.w.org\/{rel}","templated":true}]}}