{"id":16893,"date":"2016-05-30T09:24:35","date_gmt":"2016-05-30T08:24:35","guid":{"rendered":"http:\/\/fegrama.cat\/web\/?p=16893"},"modified":"2016-05-30T09:24:35","modified_gmt":"2016-05-30T08:24:35","slug":"dura-derrota-per-acabar-la-temporada-del-juvenil-c","status":"publish","type":"post","link":"http:\/\/fegrama.cat\/web\/dura-derrota-per-acabar-la-temporada-del-juvenil-c\/","title":{"rendered":"Dura derrota per acabar la temporada del Juvenil C"},"content":{"rendered":"<p>L&#8217;equip d&#8217;Albert Jornet va tancar la temporada amb una dura golejada a Nou Barris per 10-1 davant el CF Monta\u00f1esa.<\/p>\n<p>L&#8217;inici de partit va ser prometedor, la primera pilota que va robar la Grama acabava en gol despr\u00e9s d&#8217;una gran jugada de Joel i un tir a la base del pal d&#8217;Eric. L&#8217;alegria va durar poc ja que abans del minut 10 els locals ja li havien donat la volta al marcador. La primera part va ser molt disputada amb ocasions per als dos equips per\u00f2 van ser els locals els que consiguieren els gols, dos m\u00e9s abans d&#8217;acabar la primera part.<\/p>\n<p>Ja en la segona meitat tot va transc\u00f3rrer d&#8217;una manera molt diferent, control de la Monta que va anant marcant gols sense que res pogu\u00e9s fer la Grama.<\/p>\n<p><a href=\"http:\/\/fegrama.cat\/web\/wp-content\/uploads\/2013\/12\/DSC1809.jpg\"><img loading=\"lazy\" decoding=\"async\" class=\"aligncenter\" alt=\"Juvenil C 1516\" src=\"http:\/\/fegrama.cat\/web\/wp-content\/uploads\/2013\/12\/DSC1809-1024x664.jpg\" width=\"618\" height=\"400\" \/><\/a><\/p>\n<p>El equipo de Albert Jornet cerr\u00f3 la temporada con una dura goleada en Nou Barris por 10-1 ante el CF Monta\u00f1esa.<\/p>\n<p>El inicio de partido fue prometedor, el primer bal\u00f3n que rob\u00f3 la Grama acababa en gol tras una gran jugada de Joel y un tiro a la base del palo de Eric. La alegr\u00eda duro poco ya que antes del minuto 10 los locales ya le hab\u00edan dado la vuelta al marcador. La primera parte fue muy disputada con ocasiones para los dos equipos pero fueron los locales los que consiguieren los tantos, dos m\u00e1s antes de acabar la primera parte.<\/p>\n<p>Ya en la segunda mitad todo transcurri\u00f3 de un modo muy distinto, control de la Monta que fue marcando goles sin que nada pudiera hacer la Grama.<\/p>\n","protected":false},"excerpt":{"rendered":"<p>L&#8217;equip d&#8217;Albert Jornet va tancar la temporada amb una dura golejada a Nou Barris per 10-1 davant el CF Monta\u00f1esa. L&#8217;inici de partit va ser prometedor, la primera pilota que va robar la Grama acabava en gol despr\u00e9s d&#8217;una gran jugada de Joel i un tir a la base del pal d&#8217;Eric. L&#8217;alegria va durar [&hellip;]<\/p>\n","protected":false},"author":1,"featured_media":14876,"comment_status":"closed","ping_status":"closed","sticky":false,"template":"","format":"standard","meta":{"footnotes":""},"categories":[4,6],"tags":[],"class_list":["post-16893","post","type-post","status-publish","format-standard","has-post-thumbnail","hentry","category-base-inclusiu","category-juvenils"],"_links":{"self":[{"href":"http:\/\/fegrama.cat\/web\/wp-json\/wp\/v2\/posts\/16893","targetHints":{"allow":["GET"]}}],"collection":[{"href":"http:\/\/fegrama.cat\/web\/wp-json\/wp\/v2\/posts"}],"about":[{"href":"http:\/\/fegrama.cat\/web\/wp-json\/wp\/v2\/types\/post"}],"author":[{"embeddable":true,"href":"http:\/\/fegrama.cat\/web\/wp-json\/wp\/v2\/users\/1"}],"replies":[{"embeddable":true,"href":"http:\/\/fegrama.cat\/web\/wp-json\/wp\/v2\/comments?post=16893"}],"version-history":[{"count":1,"href":"http:\/\/fegrama.cat\/web\/wp-json\/wp\/v2\/posts\/16893\/revisions"}],"predecessor-version":[{"id":16894,"href":"http:\/\/fegrama.cat\/web\/wp-json\/wp\/v2\/posts\/16893\/revisions\/16894"}],"wp:featuredmedia":[{"embeddable":true,"href":"http:\/\/fegrama.cat\/web\/wp-json\/wp\/v2\/media\/14876"}],"wp:attachment":[{"href":"http:\/\/fegrama.cat\/web\/wp-json\/wp\/v2\/media?parent=16893"}],"wp:term":[{"taxonomy":"category","embeddable":true,"href":"http:\/\/fegrama.cat\/web\/wp-json\/wp\/v2\/categories?post=16893"},{"taxonomy":"post_tag","embeddable":true,"href":"http:\/\/fegrama.cat\/web\/wp-json\/wp\/v2\/tags?post=16893"}],"curies":[{"name":"wp","href":"https:\/\/api.w.org\/{rel}","templated":true}]}}