{"id":16887,"date":"2016-05-30T08:31:50","date_gmt":"2016-05-30T07:31:50","guid":{"rendered":"http:\/\/fegrama.cat\/web\/?p=16887"},"modified":"2016-05-30T08:31:50","modified_gmt":"2016-05-30T07:31:50","slug":"victoria-dels-veterans-molt-a-prop-de-guanyar-la-lliga","status":"publish","type":"post","link":"http:\/\/fegrama.cat\/web\/victoria-dels-veterans-molt-a-prop-de-guanyar-la-lliga\/","title":{"rendered":"Vict\u00f2ria dels Veterans!! Molt a prop de guanyar la lliga"},"content":{"rendered":"<p>A una vict\u00f2ria del t\u00edtol, els Veterans buscaran cantar vict\u00f2ria diumenge que ve al Nou Municipal de Santa Coloma.<\/p>\n<p>Partit molt igualat al Municipal de Can Peixauet. Els nostres Veterans van jugar contra el Cuerpecillo El\u00e1stico. El partit es va iniciar amb domini territorial i de la pilota per part de la Fundaci\u00f3, per\u00f2 que no es concretava en el marcador. Mentrestant El\u00e1stico\u00a0contragolpejaba amb molta intenci\u00f3. A mitjans de la primera meitat una passada de David Herraiz des de la defensa va ser desviat amb la m\u00e0 per un defensa de l&#8217;equip visitant. Penal. Salguero el transformava amb un prec\u00eds xut a la base del pal.<\/p>\n<p>A la segona meitat el partit va continuar amb la mateixa t\u00f2nica: domini dels colomencs per\u00f2 sense concretar-se. El\u00e1stico\u00a0va tenir una gran oportunitat a la contra estavellant una pilota al pal. I en els minuts finals la Grama va aconseguir fer efectiu el seu domini anotant dos gols: un de Salguero i un altre de V\u00edctor, tots dos despr\u00e9s de sengles jugades combinatives.<\/p>\n<p><a href=\"http:\/\/fegrama.cat\/web\/wp-content\/uploads\/2013\/12\/DSC1877.jpg\"><img loading=\"lazy\" decoding=\"async\" class=\"aligncenter size-large wp-image-14896\" alt=\"Veterans1516\" src=\"http:\/\/fegrama.cat\/web\/wp-content\/uploads\/2013\/12\/DSC1877-1024x664.jpg\" width=\"618\" height=\"400\" srcset=\"http:\/\/fegrama.cat\/web\/wp-content\/uploads\/2013\/12\/DSC1877-1024x664.jpg 1024w, http:\/\/fegrama.cat\/web\/wp-content\/uploads\/2013\/12\/DSC1877-300x194.jpg 300w\" sizes=\"auto, (max-width: 618px) 100vw, 618px\" \/><\/a><\/p>\n<p>A una victoria del t\u00edtulo, los Veteranos buscar\u00e1n cantar el alir\u00f3n el pr\u00f3ximo domingo en el Nou Municipal de Santa Coloma.<\/p>\n<p>Partido muy igualado en el Municipal de Can Peixauet. Nuestros Veteranos jugaron contra el Cuerpecillo El\u00e1stico. El partido se inici\u00f3 con dominio territorial y del bal\u00f3n por parte de la Fundaci\u00f3, pero que no se concretaba en el marcador. Mientras tanto El\u00e1stico contragolpeaba con mucha intenci\u00f3n. A mediados de la primera mitad un pase de David Herraiz desde la defensa fue desviado con la mano por un defensa del equipo visitante. Penalti. Salguero lo transformaba con un certero disparo a la base del poste.<\/p>\n<p>En la segunda mitad el partido continu\u00f3 con la misma t\u00f3nica: dominio de los colomenses pero sin concretarse. El\u00e1stico tuvo una gran oportunidad a la contra estrellando un bal\u00f3n en el poste. Y en los minutos finales la Grama logr\u00f3 hacer efectivo su dominio anotando dos goles: uno de Salguero y otro de V\u00edctor ambos despu\u00e9s de sendas jugadas combinativas.<\/p>\n","protected":false},"excerpt":{"rendered":"<p>A una vict\u00f2ria del t\u00edtol, els Veterans buscaran cantar vict\u00f2ria diumenge que ve al Nou Municipal de Santa Coloma. Partit molt igualat al Municipal de Can Peixauet. Els nostres Veterans van jugar contra el Cuerpecillo El\u00e1stico. El partit es va iniciar amb domini territorial i de la pilota per part de la Fundaci\u00f3, per\u00f2 que [&hellip;]<\/p>\n","protected":false},"author":1,"featured_media":14896,"comment_status":"closed","ping_status":"closed","sticky":false,"template":"","format":"standard","meta":{"footnotes":""},"categories":[4,751],"tags":[],"class_list":["post-16887","post","type-post","status-publish","format-standard","has-post-thumbnail","hentry","category-base-inclusiu","category-veterans"],"_links":{"self":[{"href":"http:\/\/fegrama.cat\/web\/wp-json\/wp\/v2\/posts\/16887","targetHints":{"allow":["GET"]}}],"collection":[{"href":"http:\/\/fegrama.cat\/web\/wp-json\/wp\/v2\/posts"}],"about":[{"href":"http:\/\/fegrama.cat\/web\/wp-json\/wp\/v2\/types\/post"}],"author":[{"embeddable":true,"href":"http:\/\/fegrama.cat\/web\/wp-json\/wp\/v2\/users\/1"}],"replies":[{"embeddable":true,"href":"http:\/\/fegrama.cat\/web\/wp-json\/wp\/v2\/comments?post=16887"}],"version-history":[{"count":1,"href":"http:\/\/fegrama.cat\/web\/wp-json\/wp\/v2\/posts\/16887\/revisions"}],"predecessor-version":[{"id":16888,"href":"http:\/\/fegrama.cat\/web\/wp-json\/wp\/v2\/posts\/16887\/revisions\/16888"}],"wp:featuredmedia":[{"embeddable":true,"href":"http:\/\/fegrama.cat\/web\/wp-json\/wp\/v2\/media\/14896"}],"wp:attachment":[{"href":"http:\/\/fegrama.cat\/web\/wp-json\/wp\/v2\/media?parent=16887"}],"wp:term":[{"taxonomy":"category","embeddable":true,"href":"http:\/\/fegrama.cat\/web\/wp-json\/wp\/v2\/categories?post=16887"},{"taxonomy":"post_tag","embeddable":true,"href":"http:\/\/fegrama.cat\/web\/wp-json\/wp\/v2\/tags?post=16887"}],"curies":[{"name":"wp","href":"https:\/\/api.w.org\/{rel}","templated":true}]}}