{"id":16885,"date":"2016-05-30T08:18:35","date_gmt":"2016-05-30T07:18:35","guid":{"rendered":"http:\/\/fegrama.cat\/web\/?p=16885"},"modified":"2016-05-30T08:18:35","modified_gmt":"2016-05-30T07:18:35","slug":"el-cadet-a-tanca-la-temporada-guanyant-a-casa","status":"publish","type":"post","link":"http:\/\/fegrama.cat\/web\/el-cadet-a-tanca-la-temporada-guanyant-a-casa\/","title":{"rendered":"El Cadet A tanca la temporada guanyant a casa"},"content":{"rendered":"<p>El Cadet A de Xavi Garc\u00eda va guanyar l&#8217;\u00faltim partit de lliga per 2-1 davant la Penya Barcelonista Anguera. Tanquen el curs com l&#8217;equip m\u00e9s golejador del grup i el menys golejat, guanyant 25 dels 30 partits disputats.<\/p>\n<p>Vict\u00f2ria al Nou Municipal per tancar una gran temporada. Carlos Javier va avan\u00e7ar a la Grama als 10 minuts, aviat arribaria l&#8217;empat amb el qual van marxar els dos conjunts a la mitja part. Partit t\u00edpic en qu\u00e8 cap dels dos equips es juga res, poc ritme i poca flu\u00efdesa. Tot i aix\u00ed els locals van treure ambici\u00f3 per trencar la igualtat amb gol d&#8217;Arnau Tarres al tram final.<\/p>\n<p><a href=\"http:\/\/fegrama.cat\/web\/wp-content\/uploads\/2013\/12\/DSC1816.jpg\"><img loading=\"lazy\" decoding=\"async\" class=\"aligncenter\" alt=\"Cadet A 1516\" src=\"http:\/\/fegrama.cat\/web\/wp-content\/uploads\/2013\/12\/DSC1816-1024x664.jpg\" width=\"618\" height=\"400\" \/><\/a><\/p>\n<p>El Cadete A de Xavi Garc\u00eda gan\u00f3 el \u00faltimo partido de liga por 2-1 ante\u00a0la Penya Barcelonista Anguera. Cierran el curso como el equipo m\u00e1s goleador del grupo y el menos goleado, ganando 25 de los 30 partidos disputados.<\/p>\n<p>Victoria en el Nou Municipal para cerrar una gran temporada. Carlos Javier adelant\u00f3 a la Grama a los 10 minutos, pronto llegar\u00eda el empate con el que se marcharon los dos conjuntos a la media parte. Partido t\u00edpico en el que ninguno de los dos equipos juega nada, poco ritmo y poca fluidez. A\u00fan as\u00ed los locales sacaron ambici\u00f3n para romper la igualdad con gol de Arnau Tarres en el tramo final.<\/p>\n","protected":false},"excerpt":{"rendered":"<p>El Cadet A de Xavi Garc\u00eda va guanyar l&#8217;\u00faltim partit de lliga per 2-1 davant la Penya Barcelonista Anguera. Tanquen el curs com l&#8217;equip m\u00e9s golejador del grup i el menys golejat, guanyant 25 dels 30 partits disputats. Vict\u00f2ria al Nou Municipal per tancar una gran temporada. Carlos Javier va avan\u00e7ar a la Grama als [&hellip;]<\/p>\n","protected":false},"author":1,"featured_media":14878,"comment_status":"closed","ping_status":"closed","sticky":false,"template":"","format":"standard","meta":{"footnotes":""},"categories":[4,7],"tags":[],"class_list":["post-16885","post","type-post","status-publish","format-standard","has-post-thumbnail","hentry","category-base-inclusiu","category-cadets"],"_links":{"self":[{"href":"http:\/\/fegrama.cat\/web\/wp-json\/wp\/v2\/posts\/16885","targetHints":{"allow":["GET"]}}],"collection":[{"href":"http:\/\/fegrama.cat\/web\/wp-json\/wp\/v2\/posts"}],"about":[{"href":"http:\/\/fegrama.cat\/web\/wp-json\/wp\/v2\/types\/post"}],"author":[{"embeddable":true,"href":"http:\/\/fegrama.cat\/web\/wp-json\/wp\/v2\/users\/1"}],"replies":[{"embeddable":true,"href":"http:\/\/fegrama.cat\/web\/wp-json\/wp\/v2\/comments?post=16885"}],"version-history":[{"count":1,"href":"http:\/\/fegrama.cat\/web\/wp-json\/wp\/v2\/posts\/16885\/revisions"}],"predecessor-version":[{"id":16886,"href":"http:\/\/fegrama.cat\/web\/wp-json\/wp\/v2\/posts\/16885\/revisions\/16886"}],"wp:featuredmedia":[{"embeddable":true,"href":"http:\/\/fegrama.cat\/web\/wp-json\/wp\/v2\/media\/14878"}],"wp:attachment":[{"href":"http:\/\/fegrama.cat\/web\/wp-json\/wp\/v2\/media?parent=16885"}],"wp:term":[{"taxonomy":"category","embeddable":true,"href":"http:\/\/fegrama.cat\/web\/wp-json\/wp\/v2\/categories?post=16885"},{"taxonomy":"post_tag","embeddable":true,"href":"http:\/\/fegrama.cat\/web\/wp-json\/wp\/v2\/tags?post=16885"}],"curies":[{"name":"wp","href":"https:\/\/api.w.org\/{rel}","templated":true}]}}