{"id":16883,"date":"2016-05-30T08:12:55","date_gmt":"2016-05-30T07:12:55","guid":{"rendered":"http:\/\/fegrama.cat\/web\/?p=16883"},"modified":"2016-05-30T08:12:55","modified_gmt":"2016-05-30T07:12:55","slug":"el-cadet-b-tanca-la-temporada-amb-derrota-a-laristides-mailloll","status":"publish","type":"post","link":"http:\/\/fegrama.cat\/web\/el-cadet-b-tanca-la-temporada-amb-derrota-a-laristides-mailloll\/","title":{"rendered":"El Cadet B tanca la temporada amb derrota a l&#8217;Aristides Mailloll"},"content":{"rendered":"<p>A l&#8217;IME Aristides Mailloll l&#8217;equip d&#8217;Oscar P\u00e9rez va acomiadar la temporada amb derrota ajustada, 3-2, davant l&#8217;AE Penya Barcelonista Collblanc-Sants.<\/p>\n<p>Partit molt intens on els colomencs van aconseguir avan\u00e7ar-se al marcador gr\u00e0cies a un gol de Xavi de penal. Poc despr\u00e9s el rival despr\u00e9s d&#8217;un rebuig dins de l&#8217;\u00e0rea empatava. Gaireb\u00e9 al final de la primera meitat els locals es posarien per davant despr\u00e9s d&#8217;un penal dubt\u00f3s. A la segona part arribaria el 3-1, desgraciadament la reacci\u00f3 arribaria tard amb gol de Jordi a pocs minuts del final.<\/p>\n<p><a href=\"http:\/\/fegrama.cat\/web\/wp-content\/uploads\/2013\/12\/DSC1817.jpg\"><img loading=\"lazy\" decoding=\"async\" class=\"aligncenter\" alt=\"Cadet B 1516\" src=\"http:\/\/fegrama.cat\/web\/wp-content\/uploads\/2013\/12\/DSC1817-1024x664.jpg\" width=\"618\" height=\"400\" \/><\/a><\/p>\n<p>En el IME Aristides Mailloll el equipo de Oscar P\u00e9rez despidi\u00f3 la temporada con derrota ajustada, 3-2, ante la AE Penya Barcelonista Collblanc-Sants.<\/p>\n<p>Partido muy intenso donde los colomenses consiguieron adelantarse en el marcador gracias a un gol de Xavi de penalti. Poco despu\u00e9s el rival tras un rechace dentro del \u00e1rea empataba. Casi al final de la primera mitad los locales se pondr\u00edan por delante tras un penalti dudoso. En la segunda parte llegar\u00eda el 3-1, desgraciadamente la reacci\u00f3n llegar\u00eda tarde con gol de Jordi a pocos minutos del final.<\/p>\n","protected":false},"excerpt":{"rendered":"<p>A l&#8217;IME Aristides Mailloll l&#8217;equip d&#8217;Oscar P\u00e9rez va acomiadar la temporada amb derrota ajustada, 3-2, davant l&#8217;AE Penya Barcelonista Collblanc-Sants. Partit molt intens on els colomencs van aconseguir avan\u00e7ar-se al marcador gr\u00e0cies a un gol de Xavi de penal. Poc despr\u00e9s el rival despr\u00e9s d&#8217;un rebuig dins de l&#8217;\u00e0rea empatava. Gaireb\u00e9 al final de la [&hellip;]<\/p>\n","protected":false},"author":1,"featured_media":14879,"comment_status":"closed","ping_status":"closed","sticky":false,"template":"","format":"standard","meta":{"footnotes":""},"categories":[4,7],"tags":[],"class_list":["post-16883","post","type-post","status-publish","format-standard","has-post-thumbnail","hentry","category-base-inclusiu","category-cadets"],"_links":{"self":[{"href":"http:\/\/fegrama.cat\/web\/wp-json\/wp\/v2\/posts\/16883","targetHints":{"allow":["GET"]}}],"collection":[{"href":"http:\/\/fegrama.cat\/web\/wp-json\/wp\/v2\/posts"}],"about":[{"href":"http:\/\/fegrama.cat\/web\/wp-json\/wp\/v2\/types\/post"}],"author":[{"embeddable":true,"href":"http:\/\/fegrama.cat\/web\/wp-json\/wp\/v2\/users\/1"}],"replies":[{"embeddable":true,"href":"http:\/\/fegrama.cat\/web\/wp-json\/wp\/v2\/comments?post=16883"}],"version-history":[{"count":1,"href":"http:\/\/fegrama.cat\/web\/wp-json\/wp\/v2\/posts\/16883\/revisions"}],"predecessor-version":[{"id":16884,"href":"http:\/\/fegrama.cat\/web\/wp-json\/wp\/v2\/posts\/16883\/revisions\/16884"}],"wp:featuredmedia":[{"embeddable":true,"href":"http:\/\/fegrama.cat\/web\/wp-json\/wp\/v2\/media\/14879"}],"wp:attachment":[{"href":"http:\/\/fegrama.cat\/web\/wp-json\/wp\/v2\/media?parent=16883"}],"wp:term":[{"taxonomy":"category","embeddable":true,"href":"http:\/\/fegrama.cat\/web\/wp-json\/wp\/v2\/categories?post=16883"},{"taxonomy":"post_tag","embeddable":true,"href":"http:\/\/fegrama.cat\/web\/wp-json\/wp\/v2\/tags?post=16883"}],"curies":[{"name":"wp","href":"https:\/\/api.w.org\/{rel}","templated":true}]}}