{"id":16881,"date":"2016-05-30T08:07:05","date_gmt":"2016-05-30T07:07:05","guid":{"rendered":"http:\/\/fegrama.cat\/web\/?p=16881"},"modified":"2016-05-30T08:07:05","modified_gmt":"2016-05-30T07:07:05","slug":"victoria-del-cadet-d-que-dijous-podria-ser-campio","status":"publish","type":"post","link":"http:\/\/fegrama.cat\/web\/victoria-del-cadet-d-que-dijous-podria-ser-campio\/","title":{"rendered":"Vict\u00f2ria del Cadet D que dijous podria ser campi\u00f3"},"content":{"rendered":"<p>Els nois de Luis Mar\u00eda Hernando i Ram\u00f3n Dom\u00ednguez van guanyar al CE Canyelles per 7-0. Encara no s\u00f3n campions de lliga per\u00f2 estan a un pas, el dijous 2 de juny juguen a les 20 hores contra el CD Pujadas, partit ajornat amb 0-3 al marcador al minut 15, aquesta vict\u00f2ria els donar\u00e0 l&#8217;ascens i campionat.<\/p>\n<p>Partit amb poca hist\u00f2ria en qu\u00e8 nom\u00e9s la possessi\u00f3 va ser disputada ja que les ocasions van ser totes per als colomencs. Els gols van anar caient quan el f\u00edsic del rival es va anar minvant. Una expulsi\u00f3 d&#8217;un jugador rival acabaria de trencar el xoc. P\u00f2quer de gols de Carlos Gonzalo, doblet d&#8217;Alejandro Larrosa i un de Rub\u00e9n Jim\u00e9nez per completar la golejada.<\/p>\n<p><a href=\"http:\/\/fegrama.cat\/web\/wp-content\/uploads\/2013\/12\/DSC1826.jpg\"><img loading=\"lazy\" decoding=\"async\" class=\"aligncenter\" alt=\"Cadet D 1516\" src=\"http:\/\/fegrama.cat\/web\/wp-content\/uploads\/2013\/12\/DSC1826-1024x664.jpg\" width=\"618\" height=\"400\" \/><\/a><\/p>\n<p>Los chicos de Luis Mar\u00eda Hernando y Ram\u00f3n Dom\u00ednguez ganaron al CE Canyelles por 7-0. Todav\u00eda no son campeones de liga pero est\u00e1n a un pasito, el jueves 2 de junio juegan a las 20 horas contra el CD Pujadas, partido aplazado con 0-3 en el marcador en el minuto 15, esa victoria les dar\u00e1 el ascenso y campeonato.<\/p>\n<p>Partido con poca historia en el que s\u00f3lo la posesi\u00f3n fue disputada ya que las ocasiones fueron todas para los colomenses. Los goles fueron cayendo cuando el f\u00edsico del rival se fue mermando. Una expulsi\u00f3n de un jugador rival acabar\u00eda de romper el choque. P\u00f3ker de goles de Carlos Gonzalo, doblete de Alejandro Larrosa y uno de Rub\u00e9n Jim\u00e9nez para completar la goleada.<\/p>\n","protected":false},"excerpt":{"rendered":"<p>Els nois de Luis Mar\u00eda Hernando i Ram\u00f3n Dom\u00ednguez van guanyar al CE Canyelles per 7-0. Encara no s\u00f3n campions de lliga per\u00f2 estan a un pas, el dijous 2 de juny juguen a les 20 hores contra el CD Pujadas, partit ajornat amb 0-3 al marcador al minut 15, aquesta vict\u00f2ria els donar\u00e0 l&#8217;ascens [&hellip;]<\/p>\n","protected":false},"author":1,"featured_media":14881,"comment_status":"closed","ping_status":"closed","sticky":false,"template":"","format":"standard","meta":{"footnotes":""},"categories":[4,7],"tags":[],"class_list":["post-16881","post","type-post","status-publish","format-standard","has-post-thumbnail","hentry","category-base-inclusiu","category-cadets"],"_links":{"self":[{"href":"http:\/\/fegrama.cat\/web\/wp-json\/wp\/v2\/posts\/16881","targetHints":{"allow":["GET"]}}],"collection":[{"href":"http:\/\/fegrama.cat\/web\/wp-json\/wp\/v2\/posts"}],"about":[{"href":"http:\/\/fegrama.cat\/web\/wp-json\/wp\/v2\/types\/post"}],"author":[{"embeddable":true,"href":"http:\/\/fegrama.cat\/web\/wp-json\/wp\/v2\/users\/1"}],"replies":[{"embeddable":true,"href":"http:\/\/fegrama.cat\/web\/wp-json\/wp\/v2\/comments?post=16881"}],"version-history":[{"count":1,"href":"http:\/\/fegrama.cat\/web\/wp-json\/wp\/v2\/posts\/16881\/revisions"}],"predecessor-version":[{"id":16882,"href":"http:\/\/fegrama.cat\/web\/wp-json\/wp\/v2\/posts\/16881\/revisions\/16882"}],"wp:featuredmedia":[{"embeddable":true,"href":"http:\/\/fegrama.cat\/web\/wp-json\/wp\/v2\/media\/14881"}],"wp:attachment":[{"href":"http:\/\/fegrama.cat\/web\/wp-json\/wp\/v2\/media?parent=16881"}],"wp:term":[{"taxonomy":"category","embeddable":true,"href":"http:\/\/fegrama.cat\/web\/wp-json\/wp\/v2\/categories?post=16881"},{"taxonomy":"post_tag","embeddable":true,"href":"http:\/\/fegrama.cat\/web\/wp-json\/wp\/v2\/tags?post=16881"}],"curies":[{"name":"wp","href":"https:\/\/api.w.org\/{rel}","templated":true}]}}