{"id":16871,"date":"2016-05-29T17:54:42","date_gmt":"2016-05-29T16:54:42","guid":{"rendered":"http:\/\/fegrama.cat\/web\/?p=16871"},"modified":"2016-05-29T17:54:42","modified_gmt":"2016-05-29T16:54:42","slug":"lalevi-e-va-tancar-la-temporada-amb-derrota-al-camp-de-leuropa","status":"publish","type":"post","link":"http:\/\/fegrama.cat\/web\/lalevi-e-va-tancar-la-temporada-amb-derrota-al-camp-de-leuropa\/","title":{"rendered":"L&#8217;Alev\u00ed E va tancar la temporada amb derrota al camp de l&#8217;Europa"},"content":{"rendered":"<p>Els nois de Daniel Herrero van tancar una meravellosa temporada amb derrota al Municipal L&#8217;\u00c0liga. La Fund.Priv.Esp.Europa D va guanyar 4-1.<\/p>\n<p>Mal primer quart de la Grama, la primera ocasi\u00f3 la va tenir l&#8217;equip local que gr\u00e0cies a un rebot i al fet que Iker va relliscar van aconseguir avan\u00e7ar-se. Els colomencs no van despertar i en un c\u00f3rner va arribar el segon gol de l&#8217;Europa, aquest cop fallada en el marcatge. El 3-0 arribaria abans del final del quart, al contraatac van marcar els locals.<\/p>\n<p>En el segon quart la Fundaci\u00f3 li va posar moltes m\u00e9s ganes, Rebollo va revolucionar l&#8217;equip, van tancar al rival per\u00f2 els va faltar sort. Oriol va marcar en una falta que li van fer a Tarazaga, i en l&#8217;\u00faltim quart es van posar ja al 200% per\u00f2 va ser tard i les moltes ocasions no van acabar en gol. Finalment en un c\u00f3rner un mal ref\u00fas va deixar nom\u00e9s a un jugador i aix\u00ed va arribar el 4-1.<\/p>\n<p><a href=\"http:\/\/fegrama.cat\/web\/wp-content\/uploads\/2013\/12\/DSC1867.jpg\"><img loading=\"lazy\" decoding=\"async\" class=\"aligncenter\" alt=\"Alev\u00ed E 1516\" src=\"http:\/\/fegrama.cat\/web\/wp-content\/uploads\/2013\/12\/DSC1867-1024x664.jpg\" width=\"618\" height=\"400\" \/><\/a><\/p>\n<p>Los chicos de Daniel Herrero cerraron una maravillosa temporada con derrota en el Municipal L\u2019\u00c0liga. La Fund.Priv.Esp.Europa D gan\u00f3 4-1.<\/p>\n<p>Mal primer cuarto de la Grama, la primera ocasi\u00f3n la tuvo el equipo local que gracias a un rebote y a que Iker se resbal\u00f3 consiguieron adelantarse. Los colomenses no despertaron y en un c\u00f3rner lleg\u00f3 el segundo gol del Europa, esta vez fallo en el marcaje. El 3-0 llegar\u00eda antes del final del cuarto, al contraataque marcaron los locales.<\/p>\n<p>En el segundo cuarto la Fundaci\u00f3 le puso muchas m\u00e1s ganas, Rebollo revolucion\u00f3 al equipo, encerraron al rival pero les falt\u00f3 suerte. Oriol marc\u00f3 en una falta que le hicieron a Tarazaga, y en el \u00faltimo cuarto se pusieron ya al 200% pero fue tarde y las muchas ocasiones no acabaron en gol. Finalmente en un c\u00f3rner un mal despeje dej\u00f3 s\u00f3lo a un jugador y as\u00ed lleg\u00f3 el 4-1.<\/p>\n","protected":false},"excerpt":{"rendered":"<p>Els nois de Daniel Herrero van tancar una meravellosa temporada amb derrota al Municipal L&#8217;\u00c0liga. La Fund.Priv.Esp.Europa D va guanyar 4-1. Mal primer quart de la Grama, la primera ocasi\u00f3 la va tenir l&#8217;equip local que gr\u00e0cies a un rebot i al fet que Iker va relliscar van aconseguir avan\u00e7ar-se. Els colomencs no van despertar [&hellip;]<\/p>\n","protected":false},"author":1,"featured_media":14892,"comment_status":"closed","ping_status":"closed","sticky":false,"template":"","format":"standard","meta":{"footnotes":""},"categories":[10,4],"tags":[],"class_list":["post-16871","post","type-post","status-publish","format-standard","has-post-thumbnail","hentry","category-alevins","category-base-inclusiu"],"_links":{"self":[{"href":"http:\/\/fegrama.cat\/web\/wp-json\/wp\/v2\/posts\/16871","targetHints":{"allow":["GET"]}}],"collection":[{"href":"http:\/\/fegrama.cat\/web\/wp-json\/wp\/v2\/posts"}],"about":[{"href":"http:\/\/fegrama.cat\/web\/wp-json\/wp\/v2\/types\/post"}],"author":[{"embeddable":true,"href":"http:\/\/fegrama.cat\/web\/wp-json\/wp\/v2\/users\/1"}],"replies":[{"embeddable":true,"href":"http:\/\/fegrama.cat\/web\/wp-json\/wp\/v2\/comments?post=16871"}],"version-history":[{"count":1,"href":"http:\/\/fegrama.cat\/web\/wp-json\/wp\/v2\/posts\/16871\/revisions"}],"predecessor-version":[{"id":16872,"href":"http:\/\/fegrama.cat\/web\/wp-json\/wp\/v2\/posts\/16871\/revisions\/16872"}],"wp:featuredmedia":[{"embeddable":true,"href":"http:\/\/fegrama.cat\/web\/wp-json\/wp\/v2\/media\/14892"}],"wp:attachment":[{"href":"http:\/\/fegrama.cat\/web\/wp-json\/wp\/v2\/media?parent=16871"}],"wp:term":[{"taxonomy":"category","embeddable":true,"href":"http:\/\/fegrama.cat\/web\/wp-json\/wp\/v2\/categories?post=16871"},{"taxonomy":"post_tag","embeddable":true,"href":"http:\/\/fegrama.cat\/web\/wp-json\/wp\/v2\/tags?post=16871"}],"curies":[{"name":"wp","href":"https:\/\/api.w.org\/{rel}","templated":true}]}}