{"id":16457,"date":"2016-05-01T18:31:40","date_gmt":"2016-05-01T17:31:40","guid":{"rendered":"http:\/\/fegrama.cat\/web\/?p=16457"},"modified":"2016-05-02T09:31:57","modified_gmt":"2016-05-02T08:31:57","slug":"linfantil-d-va-plantar-cara-al-tercer-classificat","status":"publish","type":"post","link":"http:\/\/fegrama.cat\/web\/linfantil-d-va-plantar-cara-al-tercer-classificat\/","title":{"rendered":"L&#8217;Infantil D va plantar cara al tercer classificat"},"content":{"rendered":"<p>A Les Oliveres l&#8217;Infantil D va caure 0-2 davant el CD Sant Gabriel D, tercers de la lliga. La Fundaci\u00f3 va arribar a fallar fins a un penal.<\/p>\n<p>Els jugadors de la Grama van estar molt motivats, i els seus entrenadors havien plantejat perfectament el partit tal com es va poder veure en arribar a la mitja part amb 0-0. Malauradament la qualitat del rival es va mostrar en la segona meitat amb dos gols, tot i aix\u00f2 els colomencs no es van enfonsar i van seguir jugant a bon nivell acumulant moltes ocasions de gol i amb la possessi\u00f3.<\/p>\n<p><a href=\"http:\/\/fegrama.cat\/web\/wp-content\/uploads\/2013\/12\/DSC1847.jpg\"><img loading=\"lazy\" decoding=\"async\" class=\"aligncenter\" alt=\"Infantil D 1516\" src=\"http:\/\/fegrama.cat\/web\/wp-content\/uploads\/2013\/12\/DSC1847-1024x664.jpg\" width=\"618\" height=\"400\" \/><\/a><\/p>\n<p>En Les Oliveres el Infantil D cay\u00f3 0-2 ante el CD Sant Gabriel D, terceros de la liga. La Fundaci\u00f3 lleg\u00f3 a fallar hasta un penalti.<\/p>\n<p>Los jugadores de la Grama estuvieron muy motivados, y sus entrenadores hab\u00edan planteado perfectamente el partido tal como se pudo ver al llegar a la media parte con 0-0. Desgraciadamente la calidad del rival se mostr\u00f3 en la segunda mitad con dos goles, pese a eso los colomenses no se vinieron abajo y siguieron jugando a buen nivel acumulando muchas ocasiones de gol y con la posesi\u00f3n.<\/p>\n","protected":false},"excerpt":{"rendered":"<p>A Les Oliveres l&#8217;Infantil D va caure 0-2 davant el CD Sant Gabriel D, tercers de la lliga. La Fundaci\u00f3 va arribar a fallar fins a un penal. Els jugadors de la Grama van estar molt motivats, i els seus entrenadors havien plantejat perfectament el partit tal com es va poder veure en arribar a [&hellip;]<\/p>\n","protected":false},"author":1,"featured_media":14886,"comment_status":"closed","ping_status":"closed","sticky":false,"template":"","format":"standard","meta":{"footnotes":""},"categories":[4,9],"tags":[],"class_list":["post-16457","post","type-post","status-publish","format-standard","has-post-thumbnail","hentry","category-base-inclusiu","category-infantils"],"_links":{"self":[{"href":"http:\/\/fegrama.cat\/web\/wp-json\/wp\/v2\/posts\/16457","targetHints":{"allow":["GET"]}}],"collection":[{"href":"http:\/\/fegrama.cat\/web\/wp-json\/wp\/v2\/posts"}],"about":[{"href":"http:\/\/fegrama.cat\/web\/wp-json\/wp\/v2\/types\/post"}],"author":[{"embeddable":true,"href":"http:\/\/fegrama.cat\/web\/wp-json\/wp\/v2\/users\/1"}],"replies":[{"embeddable":true,"href":"http:\/\/fegrama.cat\/web\/wp-json\/wp\/v2\/comments?post=16457"}],"version-history":[{"count":1,"href":"http:\/\/fegrama.cat\/web\/wp-json\/wp\/v2\/posts\/16457\/revisions"}],"predecessor-version":[{"id":16458,"href":"http:\/\/fegrama.cat\/web\/wp-json\/wp\/v2\/posts\/16457\/revisions\/16458"}],"wp:featuredmedia":[{"embeddable":true,"href":"http:\/\/fegrama.cat\/web\/wp-json\/wp\/v2\/media\/14886"}],"wp:attachment":[{"href":"http:\/\/fegrama.cat\/web\/wp-json\/wp\/v2\/media?parent=16457"}],"wp:term":[{"taxonomy":"category","embeddable":true,"href":"http:\/\/fegrama.cat\/web\/wp-json\/wp\/v2\/categories?post=16457"},{"taxonomy":"post_tag","embeddable":true,"href":"http:\/\/fegrama.cat\/web\/wp-json\/wp\/v2\/tags?post=16457"}],"curies":[{"name":"wp","href":"https:\/\/api.w.org\/{rel}","templated":true}]}}