{"id":16455,"date":"2016-05-02T08:26:52","date_gmt":"2016-05-02T07:26:52","guid":{"rendered":"http:\/\/fegrama.cat\/web\/?p=16455"},"modified":"2016-05-02T09:32:33","modified_gmt":"2016-05-02T08:32:33","slug":"el-benjami-e-no-va-tenir-sort-i-el-f-va-ser-superat-amb-claredat","status":"publish","type":"post","link":"http:\/\/fegrama.cat\/web\/el-benjami-e-no-va-tenir-sort-i-el-f-va-ser-superat-amb-claredat\/","title":{"rendered":"El Benjam\u00ed E no va tenir sort i el F va ser superat amb claredat"},"content":{"rendered":"<p><a href=\"http:\/\/fegrama.cat\/web\/wp-content\/uploads\/2013\/12\/DSC1902.jpg\"><img loading=\"lazy\" decoding=\"async\" class=\"aligncenter\" alt=\"Benjam\u00ed E 1516\" src=\"http:\/\/fegrama.cat\/web\/wp-content\/uploads\/2013\/12\/DSC1902-1024x664.jpg\" width=\"618\" height=\"400\" \/><\/a><strong><\/strong><\/p>\n<div><strong>Congr\u00e9s CE \u00a0&#8216;B&#8217; 3-1 BENJAM\u00cd E<\/strong><\/div>\n<p>Derrota davant un equip molt lluitador i un camp molt estret i llarg. Els colomencs no van aconseguir desplegar el seu joc, estaven descol\u00b7locats a la gespa. Els locals van marcar un gol ol\u00edmpic, un altre a pilota parada i un al contraatac, tot semblava sentenciat per\u00f2 llavors va arribar el gol de la Grama. En l&#8217;\u00faltim quart ho van intentar els nois de la Fundaci\u00f3 sense sort.<\/p>\n<p>Derrota ante un equipo muy pele\u00f3n y un campo muy estrecho y largo. Los colomenses no consiguieron desplegar su juego, estaban descolocados en el c\u00e9sped. Los locales marcaron un gol ol\u00edmpico, otro a bal\u00f3n parado y uno al contraataque, todo parec\u00eda sentenciado pero entonces lleg\u00f3 el gol de la Grama. En el \u00faltimo cuarto lo intentaron los chicos de la Fundaci\u00f3 sin suerte.<\/p>\n<div><a href=\"http:\/\/fegrama.cat\/web\/wp-content\/uploads\/2013\/12\/DSC1906.jpg\"><img loading=\"lazy\" decoding=\"async\" class=\"aligncenter\" alt=\"Benjam\u00ed F 1516\" src=\"http:\/\/fegrama.cat\/web\/wp-content\/uploads\/2013\/12\/DSC1906-1024x664.jpg\" width=\"618\" height=\"400\" \/><\/a><\/div>\n<div><strong>BENJAM\u00cd F 3-9 FC Can Buxeres B<\/strong><\/div>\n<p>Els nois de Aaron Olivares i Johan Steve van sumar una nova derrota a Les Oliveres. El partit aviat estaria decantat del costat visitant, als dos minuts arribava el 0-1 i al minut 30 el marcador era de 0-5. Uriel Garc\u00eda amb un doblet i Albert Singh van marcar per al seu equip.<\/p>\n<p>Los chicos de Aaron Olivares y Johan Steve sumaron una nueva derrota en Les Oliveres. El partido pronto estar\u00eda decantado del lado visitante, a los dos minutos llegaba el 0-1 y en el minuto 30 el marcador era de 0-5. Uriel Garc\u00eda con un doblete y Albert Singh marcaron para su equipo.<\/p>\n","protected":false},"excerpt":{"rendered":"<p>Congr\u00e9s CE \u00a0&#8216;B&#8217; 3-1 BENJAM\u00cd E Derrota davant un equip molt lluitador i un camp molt estret i llarg. Els colomencs no van aconseguir desplegar el seu joc, estaven descol\u00b7locats a la gespa. Els locals van marcar un gol ol\u00edmpic, un altre a pilota parada i un al contraatac, tot semblava sentenciat per\u00f2 llavors va [&hellip;]<\/p>\n","protected":false},"author":1,"featured_media":0,"comment_status":"closed","ping_status":"closed","sticky":false,"template":"","format":"standard","meta":{"footnotes":""},"categories":[4,11],"tags":[],"class_list":["post-16455","post","type-post","status-publish","format-standard","hentry","category-base-inclusiu","category-benjamins"],"_links":{"self":[{"href":"http:\/\/fegrama.cat\/web\/wp-json\/wp\/v2\/posts\/16455","targetHints":{"allow":["GET"]}}],"collection":[{"href":"http:\/\/fegrama.cat\/web\/wp-json\/wp\/v2\/posts"}],"about":[{"href":"http:\/\/fegrama.cat\/web\/wp-json\/wp\/v2\/types\/post"}],"author":[{"embeddable":true,"href":"http:\/\/fegrama.cat\/web\/wp-json\/wp\/v2\/users\/1"}],"replies":[{"embeddable":true,"href":"http:\/\/fegrama.cat\/web\/wp-json\/wp\/v2\/comments?post=16455"}],"version-history":[{"count":1,"href":"http:\/\/fegrama.cat\/web\/wp-json\/wp\/v2\/posts\/16455\/revisions"}],"predecessor-version":[{"id":16456,"href":"http:\/\/fegrama.cat\/web\/wp-json\/wp\/v2\/posts\/16455\/revisions\/16456"}],"wp:attachment":[{"href":"http:\/\/fegrama.cat\/web\/wp-json\/wp\/v2\/media?parent=16455"}],"wp:term":[{"taxonomy":"category","embeddable":true,"href":"http:\/\/fegrama.cat\/web\/wp-json\/wp\/v2\/categories?post=16455"},{"taxonomy":"post_tag","embeddable":true,"href":"http:\/\/fegrama.cat\/web\/wp-json\/wp\/v2\/tags?post=16455"}],"curies":[{"name":"wp","href":"https:\/\/api.w.org\/{rel}","templated":true}]}}