{"id":16445,"date":"2016-05-01T19:25:54","date_gmt":"2016-05-01T18:25:54","guid":{"rendered":"http:\/\/fegrama.cat\/web\/?p=16445"},"modified":"2016-05-02T08:47:32","modified_gmt":"2016-05-02T07:47:32","slug":"linfantil-b-va-caure-al-nou-municipal","status":"publish","type":"post","link":"http:\/\/fegrama.cat\/web\/linfantil-b-va-caure-al-nou-municipal\/","title":{"rendered":"L&#8217;Infantil B va caure al Nou Municipal"},"content":{"rendered":"<p>L&#8217;Infantil B segueix lluitant per obtenir la perman\u00e8ncia a la categoria per\u00f2 sense massa sort, aquesta vegada van perdre 0-3 davant el CF Santa Eul\u00e0lia.<\/p>\n<p>Els locals van tenir tres ocasions clares en la primera part i cap es va convertir en gol, i desgraciadament una fallada en defensa provocava el 0-1. A la segona meitat hi va haver m\u00e9s igualtat sobre la gespa, de nou els locals tampoc van patir per\u00f2 van acabar encaixant dos gols m\u00e9s per caure davant un tercer classificat que va tenir m\u00e9s punteria.<\/p>\n<p><a href=\"http:\/\/fegrama.cat\/web\/wp-content\/uploads\/2013\/12\/DSC1841.jpg\"><img loading=\"lazy\" decoding=\"async\" class=\"aligncenter\" alt=\"Infantil B 1516\" src=\"http:\/\/fegrama.cat\/web\/wp-content\/uploads\/2013\/12\/DSC1841-1024x664.jpg\" width=\"618\" height=\"400\" \/><\/a><\/p>\n<p>El Infantil B sigue luchando por obtener la permanencia en la categor\u00eda pero sin demasiada suerte, esta vez perdieron 0-3 ante el CF Santa Eul\u00e0lia.<\/p>\n<p>&nbsp;<\/p>\n<p>Los locales tuvieron tres ocasiones claras en la primera parte y ninguna se convirti\u00f3 en gol, y desgraciadamente un fallo en defensa provocaba el 0- 1. En la segunda mitad hubo m\u00e1s igualdad sobre el c\u00e9sped, de nuevo los locales tampoco sufrieron pero acabaron encajando dos goles m\u00e1s para caer ante un tercer clasificado que tuvo m\u00e1s punter\u00eda.<\/p>\n","protected":false},"excerpt":{"rendered":"<p>L&#8217;Infantil B segueix lluitant per obtenir la perman\u00e8ncia a la categoria per\u00f2 sense massa sort, aquesta vegada van perdre 0-3 davant el CF Santa Eul\u00e0lia. Els locals van tenir tres ocasions clares en la primera part i cap es va convertir en gol, i desgraciadament una fallada en defensa provocava el 0-1. A la segona [&hellip;]<\/p>\n","protected":false},"author":1,"featured_media":14884,"comment_status":"closed","ping_status":"closed","sticky":false,"template":"","format":"standard","meta":{"footnotes":""},"categories":[4,9],"tags":[],"class_list":["post-16445","post","type-post","status-publish","format-standard","has-post-thumbnail","hentry","category-base-inclusiu","category-infantils"],"_links":{"self":[{"href":"http:\/\/fegrama.cat\/web\/wp-json\/wp\/v2\/posts\/16445","targetHints":{"allow":["GET"]}}],"collection":[{"href":"http:\/\/fegrama.cat\/web\/wp-json\/wp\/v2\/posts"}],"about":[{"href":"http:\/\/fegrama.cat\/web\/wp-json\/wp\/v2\/types\/post"}],"author":[{"embeddable":true,"href":"http:\/\/fegrama.cat\/web\/wp-json\/wp\/v2\/users\/1"}],"replies":[{"embeddable":true,"href":"http:\/\/fegrama.cat\/web\/wp-json\/wp\/v2\/comments?post=16445"}],"version-history":[{"count":1,"href":"http:\/\/fegrama.cat\/web\/wp-json\/wp\/v2\/posts\/16445\/revisions"}],"predecessor-version":[{"id":16446,"href":"http:\/\/fegrama.cat\/web\/wp-json\/wp\/v2\/posts\/16445\/revisions\/16446"}],"wp:featuredmedia":[{"embeddable":true,"href":"http:\/\/fegrama.cat\/web\/wp-json\/wp\/v2\/media\/14884"}],"wp:attachment":[{"href":"http:\/\/fegrama.cat\/web\/wp-json\/wp\/v2\/media?parent=16445"}],"wp:term":[{"taxonomy":"category","embeddable":true,"href":"http:\/\/fegrama.cat\/web\/wp-json\/wp\/v2\/categories?post=16445"},{"taxonomy":"post_tag","embeddable":true,"href":"http:\/\/fegrama.cat\/web\/wp-json\/wp\/v2\/tags?post=16445"}],"curies":[{"name":"wp","href":"https:\/\/api.w.org\/{rel}","templated":true}]}}