{"id":16430,"date":"2016-05-01T18:27:11","date_gmt":"2016-05-01T17:27:11","guid":{"rendered":"http:\/\/fegrama.cat\/web\/?p=16430"},"modified":"2016-05-01T18:27:11","modified_gmt":"2016-05-01T17:27:11","slug":"el-juvenil-b-va-caure-contra-la-llefia","status":"publish","type":"post","link":"http:\/\/fegrama.cat\/web\/el-juvenil-b-va-caure-contra-la-llefia\/","title":{"rendered":"El Juvenil B va caure contra la Llefi\u00e0"},"content":{"rendered":"<p>El Juvenil B va caure derrotat davant el CF Unificaci\u00f3n Llefi\u00e0 B, segons classificats de la lliga, per 1-3.<\/p>\n<p>Partit igualat durant els primers 20 minuts en qu\u00e8 el resultat el va marcar la intensitat que va posar l&#8217;equip rival i que la Grama no va saber igualar. La Llefi\u00e0 va aconseguir remuntar el gol de Xavier Hern\u00e1ndez. Just abans del final els de Badalona van aconseguir marcar el tercer gol. L&#8217;equip de Javier Murillo no va mer\u00e8ixer puntuar i aix\u00ed ho va reflectir el resultat final.<\/p>\n<p><a href=\"http:\/\/fegrama.cat\/web\/wp-content\/uploads\/2013\/12\/DSC1806.jpg\"><img loading=\"lazy\" decoding=\"async\" class=\"aligncenter\" alt=\"Juvenil B 1516\" src=\"http:\/\/fegrama.cat\/web\/wp-content\/uploads\/2013\/12\/DSC1806-1024x664.jpg\" width=\"618\" height=\"400\" \/><\/a><\/p>\n<p>El Juvenil B cay\u00f3 derrotado ante el CF Unificaci\u00f3n Llefi\u00e0 B, segundos clasificados de la liga, por 1-3.<\/p>\n<p>Partido igualado durante los primeros 20 minutos en el que el resultado lo marc\u00f3 la intensidad que puso el equipo rival y que la Grama no supo igualar. La Llefi\u00e0 consigui\u00f3 remontar el gol de Xavier Hern\u00e1ndez. Justo antes del final los de Badalona consiguieron marcar el tercer gol. El equipo de Javier Murillo no mereci\u00f3 puntuar y as\u00ed lo reflej\u00f3 el resultado final.<\/p>\n","protected":false},"excerpt":{"rendered":"<p>El Juvenil B va caure derrotat davant el CF Unificaci\u00f3n Llefi\u00e0 B, segons classificats de la lliga, per 1-3. Partit igualat durant els primers 20 minuts en qu\u00e8 el resultat el va marcar la intensitat que va posar l&#8217;equip rival i que la Grama no va saber igualar. La Llefi\u00e0 va aconseguir remuntar el gol [&hellip;]<\/p>\n","protected":false},"author":1,"featured_media":14875,"comment_status":"closed","ping_status":"closed","sticky":false,"template":"","format":"standard","meta":{"footnotes":""},"categories":[4,6],"tags":[],"class_list":["post-16430","post","type-post","status-publish","format-standard","has-post-thumbnail","hentry","category-base-inclusiu","category-juvenils"],"_links":{"self":[{"href":"http:\/\/fegrama.cat\/web\/wp-json\/wp\/v2\/posts\/16430","targetHints":{"allow":["GET"]}}],"collection":[{"href":"http:\/\/fegrama.cat\/web\/wp-json\/wp\/v2\/posts"}],"about":[{"href":"http:\/\/fegrama.cat\/web\/wp-json\/wp\/v2\/types\/post"}],"author":[{"embeddable":true,"href":"http:\/\/fegrama.cat\/web\/wp-json\/wp\/v2\/users\/1"}],"replies":[{"embeddable":true,"href":"http:\/\/fegrama.cat\/web\/wp-json\/wp\/v2\/comments?post=16430"}],"version-history":[{"count":1,"href":"http:\/\/fegrama.cat\/web\/wp-json\/wp\/v2\/posts\/16430\/revisions"}],"predecessor-version":[{"id":16431,"href":"http:\/\/fegrama.cat\/web\/wp-json\/wp\/v2\/posts\/16430\/revisions\/16431"}],"wp:featuredmedia":[{"embeddable":true,"href":"http:\/\/fegrama.cat\/web\/wp-json\/wp\/v2\/media\/14875"}],"wp:attachment":[{"href":"http:\/\/fegrama.cat\/web\/wp-json\/wp\/v2\/media?parent=16430"}],"wp:term":[{"taxonomy":"category","embeddable":true,"href":"http:\/\/fegrama.cat\/web\/wp-json\/wp\/v2\/categories?post=16430"},{"taxonomy":"post_tag","embeddable":true,"href":"http:\/\/fegrama.cat\/web\/wp-json\/wp\/v2\/tags?post=16430"}],"curies":[{"name":"wp","href":"https:\/\/api.w.org\/{rel}","templated":true}]}}