{"id":16414,"date":"2016-04-30T19:56:39","date_gmt":"2016-04-30T18:56:39","guid":{"rendered":"http:\/\/fegrama.cat\/web\/?p=16414"},"modified":"2016-04-30T19:56:39","modified_gmt":"2016-04-30T18:56:39","slug":"el-juvenil-cadet-va-tancar-la-temporada-a-les-oliveres","status":"publish","type":"post","link":"http:\/\/fegrama.cat\/web\/el-juvenil-cadet-va-tancar-la-temporada-a-les-oliveres\/","title":{"rendered":"El Juvenil-Cadet va tancar la temporada a Les Oliveres"},"content":{"rendered":"<p>El Juvenil-Cadet Femen\u00ed va posar punt i final a la temporada davant les quartes de la lliga, el FC Martinenc. Ara ja toca preparar l&#8217;equip per a la temporada que ve, el salt a S\u00e8nior.<\/p>\n<p>Les nostres f\u00e8mines van saltar al camp molt disciplinades, ordenades i sobretot molt concentrades. El rival va ser sorpr\u00e8s davant el gran canvi del nostre equip, no van esperar que li posessin tan dif\u00edcil aconseguir els tres punts. Les colomenques van jugar molt b\u00e9 la pilota, bona circulaci\u00f3 i van aconseguir posar-se 2-0 gr\u00e0cies als gols de Tamara Rasero i Ana Abad.<\/p>\n<p>Malauradament el Martinenc va aconseguir reaccionar, li va costar molt per\u00f2 al final en l&#8217;\u00faltim minut de la primera part van empatar. A la segona meitat les visitants van aconseguir donar-li la volta al marcador i emportar-se la vict\u00f2ria (2-5). Les nostres noies van donar molt bones sensacions, es va poder veure que hi ha qualitat i que toca seguir treballant molt.<\/p>\n<p><a href=\"http:\/\/fegrama.cat\/web\/wp-content\/uploads\/2013\/12\/DSC1812.jpg\"><img loading=\"lazy\" decoding=\"async\" class=\"aligncenter\" alt=\"Juvenil-Cadet 1516\" src=\"http:\/\/fegrama.cat\/web\/wp-content\/uploads\/2013\/12\/DSC1812-1024x664.jpg\" width=\"618\" height=\"400\" \/><\/a><\/p>\n<p>El Juvenil-Cadete Femenino puso punto y final a la temporada ante las cuartas de la liga, el FC Martinenc. Ahora ya toca preparar el equipo para la pr\u00f3xima temporada, el salto a Senior.<\/p>\n<p>Nuestras f\u00e9minas saltaron al campo muy disciplinadas, ordenadas y sobretodo muy concentradas. El rival fue sorprendido ante el gran cambio de nuestro equipo, no esperaron que le pusieran tan dif\u00edcil conseguir los tres puntos. Las colomenses jugaron muy bien la pelota, buena circulaci\u00f3n y consiguieron ponerse 2-0 gracias a los goles de Tamara Rasero y Ana Abad.<\/p>\n<p>Desgraciadamente el Martinenc consigui\u00f3 reaccionar, le cost\u00f3 mucho pero al final en el \u00faltimo minuto de la primera parte empataron. En la segunda mitad las visitantes consiguieron darle la vuelta al marcador y llevarse la victoria (2-5). Nuestras chicas dieron muy buenas sensaciones, se pudo ver que hay calidad y que toca seguir trabajando mucho.<\/p>\n<p>&nbsp;<\/p>\n","protected":false},"excerpt":{"rendered":"<p>El Juvenil-Cadet Femen\u00ed va posar punt i final a la temporada davant les quartes de la lliga, el FC Martinenc. Ara ja toca preparar l&#8217;equip per a la temporada que ve, el salt a S\u00e8nior. Les nostres f\u00e8mines van saltar al camp molt disciplinades, ordenades i sobretot molt concentrades. El rival va ser sorpr\u00e8s davant [&hellip;]<\/p>\n","protected":false},"author":1,"featured_media":14877,"comment_status":"closed","ping_status":"closed","sticky":false,"template":"","format":"standard","meta":{"footnotes":""},"categories":[4,13],"tags":[],"class_list":["post-16414","post","type-post","status-publish","format-standard","has-post-thumbnail","hentry","category-base-inclusiu","category-femeni"],"_links":{"self":[{"href":"http:\/\/fegrama.cat\/web\/wp-json\/wp\/v2\/posts\/16414","targetHints":{"allow":["GET"]}}],"collection":[{"href":"http:\/\/fegrama.cat\/web\/wp-json\/wp\/v2\/posts"}],"about":[{"href":"http:\/\/fegrama.cat\/web\/wp-json\/wp\/v2\/types\/post"}],"author":[{"embeddable":true,"href":"http:\/\/fegrama.cat\/web\/wp-json\/wp\/v2\/users\/1"}],"replies":[{"embeddable":true,"href":"http:\/\/fegrama.cat\/web\/wp-json\/wp\/v2\/comments?post=16414"}],"version-history":[{"count":1,"href":"http:\/\/fegrama.cat\/web\/wp-json\/wp\/v2\/posts\/16414\/revisions"}],"predecessor-version":[{"id":16415,"href":"http:\/\/fegrama.cat\/web\/wp-json\/wp\/v2\/posts\/16414\/revisions\/16415"}],"wp:featuredmedia":[{"embeddable":true,"href":"http:\/\/fegrama.cat\/web\/wp-json\/wp\/v2\/media\/14877"}],"wp:attachment":[{"href":"http:\/\/fegrama.cat\/web\/wp-json\/wp\/v2\/media?parent=16414"}],"wp:term":[{"taxonomy":"category","embeddable":true,"href":"http:\/\/fegrama.cat\/web\/wp-json\/wp\/v2\/categories?post=16414"},{"taxonomy":"post_tag","embeddable":true,"href":"http:\/\/fegrama.cat\/web\/wp-json\/wp\/v2\/tags?post=16414"}],"curies":[{"name":"wp","href":"https:\/\/api.w.org\/{rel}","templated":true}]}}