{"id":16408,"date":"2016-04-30T19:13:21","date_gmt":"2016-04-30T18:13:21","guid":{"rendered":"http:\/\/fegrama.cat\/web\/?p=16408"},"modified":"2016-04-30T19:13:21","modified_gmt":"2016-04-30T18:13:21","slug":"lalevi-f-va-caure-contra-el-bon-pastor","status":"publish","type":"post","link":"http:\/\/fegrama.cat\/web\/lalevi-f-va-caure-contra-el-bon-pastor\/","title":{"rendered":"L&#8217;Alev\u00ed F va caure contra el Bon Pastor"},"content":{"rendered":"<p>L&#8217;Alev\u00ed F va tenir controlat el partit durant mitja hora per\u00f2 al final va caure al Nou Municipal de Santa Coloma davant el Bon Pastor AE.<\/p>\n<p>Partit poc vist\u00f3s en els primers dos quarts, molta pilota al centre del camp i poques ocasions de gol. L&#8217;efectivitat semblava clarament la clau del partit i en el minut 7 \u00cdker Quintana marcava el 1-0. La Grama va estar molt ben plantada a la gespa, perfecta en tasques defensives per\u00f2 malauradament l&#8217;inici del segon temps va ser dolent, dos gols r\u00e0pids del Bon Pastor voltejaven el resultat.<\/p>\n<p>En l&#8217;\u00faltim quart arribaria el tercer gol visitant, i abans del final Ivanescu marcava el definitiu 2-3.<\/p>\n<p><a href=\"http:\/\/fegrama.cat\/web\/wp-content\/uploads\/2013\/12\/DSC1869.jpg\"><img loading=\"lazy\" decoding=\"async\" class=\"aligncenter\" alt=\"Alev\u00ed F 1516\" src=\"http:\/\/fegrama.cat\/web\/wp-content\/uploads\/2013\/12\/DSC1869-1024x664.jpg\" width=\"618\" height=\"400\" \/><\/a><\/p>\n<p>El Alev\u00edn F tuvo controlado el partido durante media hora pero al final cay\u00f3 en el Nou Municipal de Santa Coloma ante el Bon Pastor AE.<\/p>\n<p>Partido poco vistoso en los primeros dos cuartos, mucha pelota en el centro del campo y pocas ocasiones de gol. La efectividad parec\u00eda claramente la clave del partido y en el minuto 7 \u00cdker Quintana marcaba el 1-0. La Grama estuvo muy bien plantada en el c\u00e9sped, perfecta en tareas defensivas pero desgraciadamente el inicio del segundo tiempo fue malo, dos goles r\u00e1pidos del Bon Pastor volteaban el resultado.<\/p>\n<p>En el \u00faltimo cuarto llegar\u00eda el tercer gol visitante, y antes del final Ivanescu marcaba el definitivo 2-3.<\/p>\n","protected":false},"excerpt":{"rendered":"<p>L&#8217;Alev\u00ed F va tenir controlat el partit durant mitja hora per\u00f2 al final va caure al Nou Municipal de Santa Coloma davant el Bon Pastor AE. Partit poc vist\u00f3s en els primers dos quarts, molta pilota al centre del camp i poques ocasions de gol. L&#8217;efectivitat semblava clarament la clau del partit i en el [&hellip;]<\/p>\n","protected":false},"author":1,"featured_media":14893,"comment_status":"closed","ping_status":"closed","sticky":false,"template":"","format":"standard","meta":{"footnotes":""},"categories":[10,4],"tags":[],"class_list":["post-16408","post","type-post","status-publish","format-standard","has-post-thumbnail","hentry","category-alevins","category-base-inclusiu"],"_links":{"self":[{"href":"http:\/\/fegrama.cat\/web\/wp-json\/wp\/v2\/posts\/16408","targetHints":{"allow":["GET"]}}],"collection":[{"href":"http:\/\/fegrama.cat\/web\/wp-json\/wp\/v2\/posts"}],"about":[{"href":"http:\/\/fegrama.cat\/web\/wp-json\/wp\/v2\/types\/post"}],"author":[{"embeddable":true,"href":"http:\/\/fegrama.cat\/web\/wp-json\/wp\/v2\/users\/1"}],"replies":[{"embeddable":true,"href":"http:\/\/fegrama.cat\/web\/wp-json\/wp\/v2\/comments?post=16408"}],"version-history":[{"count":1,"href":"http:\/\/fegrama.cat\/web\/wp-json\/wp\/v2\/posts\/16408\/revisions"}],"predecessor-version":[{"id":16409,"href":"http:\/\/fegrama.cat\/web\/wp-json\/wp\/v2\/posts\/16408\/revisions\/16409"}],"wp:featuredmedia":[{"embeddable":true,"href":"http:\/\/fegrama.cat\/web\/wp-json\/wp\/v2\/media\/14893"}],"wp:attachment":[{"href":"http:\/\/fegrama.cat\/web\/wp-json\/wp\/v2\/media?parent=16408"}],"wp:term":[{"taxonomy":"category","embeddable":true,"href":"http:\/\/fegrama.cat\/web\/wp-json\/wp\/v2\/categories?post=16408"},{"taxonomy":"post_tag","embeddable":true,"href":"http:\/\/fegrama.cat\/web\/wp-json\/wp\/v2\/tags?post=16408"}],"curies":[{"name":"wp","href":"https:\/\/api.w.org\/{rel}","templated":true}]}}