{"id":16406,"date":"2016-04-30T19:03:47","date_gmt":"2016-04-30T18:03:47","guid":{"rendered":"http:\/\/fegrama.cat\/web\/?p=16406"},"modified":"2016-04-30T19:03:47","modified_gmt":"2016-04-30T18:03:47","slug":"lalevi-g-amb-moltes-baixes-va-perdre-el-derbi","status":"publish","type":"post","link":"http:\/\/fegrama.cat\/web\/lalevi-g-amb-moltes-baixes-va-perdre-el-derbi\/","title":{"rendered":"L&#8217;Alev\u00ed G, amb moltes baixes, va perdre el derbi"},"content":{"rendered":"<p>Al Municipal Can Zam-1 l&#8217;Alev\u00ed G de la FE Grama va perdre 6-2 davant el CF Imperio.<\/p>\n<p>Partit molt complicat per a la Grama que va saltar al camp amb nom\u00e9s 4 jugadors i 1 porter. 7 contra 5, sens dubte aix\u00f2 va dificultar molt el plantejament per al derbi. Malgrat les baixes els nois van donar la cara, van lluitar totes les pilotes i van fer un bon partit. Izan i Alejandro van marcar els gols dels colomencs.<\/p>\n<p style=\"text-align: center;\">Marc Ten: \u00abMarxem amb el cap molt alt, sabent que ho hem deixat tot al camp.\u00bb<\/p>\n<p><a href=\"http:\/\/fegrama.cat\/web\/wp-content\/uploads\/2013\/12\/DSC1872.jpg\"><img loading=\"lazy\" decoding=\"async\" class=\"aligncenter\" alt=\"Alev\u00ed G 1516\" src=\"http:\/\/fegrama.cat\/web\/wp-content\/uploads\/2013\/12\/DSC1872-1024x664.jpg\" width=\"618\" height=\"400\" \/><\/a><\/p>\n<p>En el Municipal Can Zam-1 el Alev\u00edn G de la FE Grama perdi\u00f3 6-2 ante el CF Imperio.<\/p>\n<p>Partido muy complicado para la Grama que salt\u00f3 al campo con solamente 4 jugadores y 1 portero. 7 contra 5, sin duda eso dificult\u00f3 mucho el planteamiento para el derbi. Pese a las bajas los chicos dieron la cara, lucharon todos los balones e hicieron un buen partido. Izan y Alejandro marcaron los goles de los colomenses.<\/p>\n<p style=\"text-align: center;\">Marc Ten: \u00abNos vamos con la cabeza muy alta, sabiendo que lo hemos dejado todo en el campo.\u00bb<\/p>\n","protected":false},"excerpt":{"rendered":"<p>Al Municipal Can Zam-1 l&#8217;Alev\u00ed G de la FE Grama va perdre 6-2 davant el CF Imperio. Partit molt complicat per a la Grama que va saltar al camp amb nom\u00e9s 4 jugadors i 1 porter. 7 contra 5, sens dubte aix\u00f2 va dificultar molt el plantejament per al derbi. Malgrat les baixes els nois [&hellip;]<\/p>\n","protected":false},"author":1,"featured_media":14894,"comment_status":"closed","ping_status":"closed","sticky":false,"template":"","format":"standard","meta":{"footnotes":""},"categories":[10,4],"tags":[],"class_list":["post-16406","post","type-post","status-publish","format-standard","has-post-thumbnail","hentry","category-alevins","category-base-inclusiu"],"_links":{"self":[{"href":"http:\/\/fegrama.cat\/web\/wp-json\/wp\/v2\/posts\/16406","targetHints":{"allow":["GET"]}}],"collection":[{"href":"http:\/\/fegrama.cat\/web\/wp-json\/wp\/v2\/posts"}],"about":[{"href":"http:\/\/fegrama.cat\/web\/wp-json\/wp\/v2\/types\/post"}],"author":[{"embeddable":true,"href":"http:\/\/fegrama.cat\/web\/wp-json\/wp\/v2\/users\/1"}],"replies":[{"embeddable":true,"href":"http:\/\/fegrama.cat\/web\/wp-json\/wp\/v2\/comments?post=16406"}],"version-history":[{"count":1,"href":"http:\/\/fegrama.cat\/web\/wp-json\/wp\/v2\/posts\/16406\/revisions"}],"predecessor-version":[{"id":16407,"href":"http:\/\/fegrama.cat\/web\/wp-json\/wp\/v2\/posts\/16406\/revisions\/16407"}],"wp:featuredmedia":[{"embeddable":true,"href":"http:\/\/fegrama.cat\/web\/wp-json\/wp\/v2\/media\/14894"}],"wp:attachment":[{"href":"http:\/\/fegrama.cat\/web\/wp-json\/wp\/v2\/media?parent=16406"}],"wp:term":[{"taxonomy":"category","embeddable":true,"href":"http:\/\/fegrama.cat\/web\/wp-json\/wp\/v2\/categories?post=16406"},{"taxonomy":"post_tag","embeddable":true,"href":"http:\/\/fegrama.cat\/web\/wp-json\/wp\/v2\/tags?post=16406"}],"curies":[{"name":"wp","href":"https:\/\/api.w.org\/{rel}","templated":true}]}}