{"id":16404,"date":"2016-04-30T18:48:39","date_gmt":"2016-04-30T17:48:39","guid":{"rendered":"http:\/\/fegrama.cat\/web\/?p=16404"},"modified":"2016-04-30T18:48:39","modified_gmt":"2016-04-30T17:48:39","slug":"lalevi-h-va-caure-contra-el-cerro","status":"publish","type":"post","link":"http:\/\/fegrama.cat\/web\/lalevi-h-va-caure-contra-el-cerro\/","title":{"rendered":"L&#8217;Alev\u00ed H va caure contra el Cerro"},"content":{"rendered":"<p>L&#8217;Alev\u00ed H no va mer\u00e8ixer perdre a Les Oliveres, malauradament van caure 3-4 davant el Cerro CD.<\/p>\n<p>Partit molt travat i emocionant. Dues propostes diferents sobre el terreny de joc, els colomencs van intentar tenir la pilota i jugar amb ella, mentrestant el rival preferia atacs r\u00e0pids amb pilotades. Antonio Sebasti\u00e1n va avan\u00e7ar a la Grama en el minut 6, l&#8217;1-1 arribaria quatre minuts despr\u00e9s i en el seg\u00fcent quart els visitants es van posar per davant (1-2).<\/p>\n<p>Antonio Sebasti\u00e1n va marcar en el tram final del tercer quart el 2-2, un minut despr\u00e9s arribava el 2-3 amb el qual s&#8217;arribava als \u00faltims quinze minuts de joc. En comen\u00e7ar Antonio Sebasti\u00e1n va empatar i els visitants van marcar el gol de la vict\u00f2ria.<\/p>\n<p><a href=\"http:\/\/fegrama.cat\/web\/wp-content\/uploads\/2013\/12\/DSC1875.jpg\"><img loading=\"lazy\" decoding=\"async\" class=\"aligncenter\" alt=\"Alev\u00ed H 1516\" src=\"http:\/\/fegrama.cat\/web\/wp-content\/uploads\/2013\/12\/DSC1875-1024x664.jpg\" width=\"618\" height=\"400\" \/><\/a><\/p>\n<p>El Alev\u00edn H no mereci\u00f3 perder en Les Oliveres, desgraciadamente cayeron 3-4 ante el Cerro CD.<\/p>\n<p>Partido muy trabado y emocionante. Dos propuestas diferentes sobre el terreno de juego, los colomenses intentaron tener la pelota y jugar con ella, mientras tanto el rival prefer\u00eda ataques r\u00e1pidos con pelotazos. Antonio\u00a0Sebasti\u00e1n adelant\u00f3 a la Grama en el minuto 6, el 1-1 llegar\u00eda cuatro minutos despu\u00e9s y en el siguiente cuarto los visitantes se pusieron por delante (1-2).<\/p>\n<p>Antonio Sebasti\u00e1n marc\u00f3 en el tramo final del tercer cuarto el 2-2, un minuto despu\u00e9s llegaba el 2-3 con el que se llegaba a los \u00faltimos quince minutos de juego. Al empezar\u00a0Antonio Sebasti\u00e1n empat\u00f3 y los visitantes marcaron el gol de la victoria.<\/p>\n","protected":false},"excerpt":{"rendered":"<p>L&#8217;Alev\u00ed H no va mer\u00e8ixer perdre a Les Oliveres, malauradament van caure 3-4 davant el Cerro CD. Partit molt travat i emocionant. Dues propostes diferents sobre el terreny de joc, els colomencs van intentar tenir la pilota i jugar amb ella, mentrestant el rival preferia atacs r\u00e0pids amb pilotades. Antonio Sebasti\u00e1n va avan\u00e7ar a la [&hellip;]<\/p>\n","protected":false},"author":1,"featured_media":14895,"comment_status":"closed","ping_status":"closed","sticky":false,"template":"","format":"standard","meta":{"footnotes":""},"categories":[10,4],"tags":[],"class_list":["post-16404","post","type-post","status-publish","format-standard","has-post-thumbnail","hentry","category-alevins","category-base-inclusiu"],"_links":{"self":[{"href":"http:\/\/fegrama.cat\/web\/wp-json\/wp\/v2\/posts\/16404","targetHints":{"allow":["GET"]}}],"collection":[{"href":"http:\/\/fegrama.cat\/web\/wp-json\/wp\/v2\/posts"}],"about":[{"href":"http:\/\/fegrama.cat\/web\/wp-json\/wp\/v2\/types\/post"}],"author":[{"embeddable":true,"href":"http:\/\/fegrama.cat\/web\/wp-json\/wp\/v2\/users\/1"}],"replies":[{"embeddable":true,"href":"http:\/\/fegrama.cat\/web\/wp-json\/wp\/v2\/comments?post=16404"}],"version-history":[{"count":1,"href":"http:\/\/fegrama.cat\/web\/wp-json\/wp\/v2\/posts\/16404\/revisions"}],"predecessor-version":[{"id":16405,"href":"http:\/\/fegrama.cat\/web\/wp-json\/wp\/v2\/posts\/16404\/revisions\/16405"}],"wp:featuredmedia":[{"embeddable":true,"href":"http:\/\/fegrama.cat\/web\/wp-json\/wp\/v2\/media\/14895"}],"wp:attachment":[{"href":"http:\/\/fegrama.cat\/web\/wp-json\/wp\/v2\/media?parent=16404"}],"wp:term":[{"taxonomy":"category","embeddable":true,"href":"http:\/\/fegrama.cat\/web\/wp-json\/wp\/v2\/categories?post=16404"},{"taxonomy":"post_tag","embeddable":true,"href":"http:\/\/fegrama.cat\/web\/wp-json\/wp\/v2\/tags?post=16404"}],"curies":[{"name":"wp","href":"https:\/\/api.w.org\/{rel}","templated":true}]}}