{"id":16387,"date":"2016-04-29T10:04:23","date_gmt":"2016-04-29T09:04:23","guid":{"rendered":"http:\/\/fegrama.cat\/web\/?p=16387"},"modified":"2016-05-02T10:31:23","modified_gmt":"2016-05-02T09:31:23","slug":"la-fundacio-va-rebre-dos-premis-a-la-gala-de-lesport-colomenc-2016","status":"publish","type":"post","link":"http:\/\/fegrama.cat\/web\/la-fundacio-va-rebre-dos-premis-a-la-gala-de-lesport-colomenc-2016\/","title":{"rendered":"La Fundaci\u00f3 va rebre dos premis a la Gala de l&#8217;Esport Colomenc 2016"},"content":{"rendered":"<p style=\"text-align: center;\"><a href=\"http:\/\/fegrama.cat\/web\/wp-content\/uploads\/2016\/04\/primerequiVeteransEsportColomenc.jpg\"><img loading=\"lazy\" decoding=\"async\" class=\"aligncenter  wp-image-16390\" alt=\"primerequiVeteransEsportColomenc\" src=\"http:\/\/fegrama.cat\/web\/wp-content\/uploads\/2016\/04\/primerequiVeteransEsportColomenc.jpg\" width=\"560\" height=\"420\" srcset=\"http:\/\/fegrama.cat\/web\/wp-content\/uploads\/2016\/04\/primerequiVeteransEsportColomenc.jpg 800w, http:\/\/fegrama.cat\/web\/wp-content\/uploads\/2016\/04\/primerequiVeteransEsportColomenc-300x225.jpg 300w\" sizes=\"auto, (max-width: 560px) 100vw, 560px\" \/><\/a><\/p>\n<p>El dijous 28 d&#8217;abril al Teatre Sagarra es va celebrar la <strong>1\u00aa Gala de l&#8217;Esport Colomenc<\/strong>, que pren el relleu dels Guardons de l&#8217;Esport Colomenc introdu\u00eft diversos canvis per\u00f2 amb el mateix esperit de sempre. Una gala per fomentar l&#8217;esport de la nostra ciutat i premiar el treball i els \u00e8xits de les entitats, esportistes i persones vinculades a l&#8217;esport de Santa Coloma.<\/p>\n<p>Un any m\u00e9s la <strong>Fundaci\u00f3 Esportiva Grama<\/strong> va estar representada en aquest important acte. Aquest cop a la secci\u00f3 de Campions de Catalunya el <strong>primer equip<\/strong> del club va pujar a recollir el seu premi pel Campionat de Lliga i Ascens a 3\u00aa Catalana de la temporada passada, i els <strong>veterans<\/strong> per el seu Campionat de Lliga de l&#8217;any passat.<\/p>\n<figure id=\"attachment_16388\" aria-describedby=\"caption-attachment-16388\" style=\"width: 560px\" class=\"wp-caption aligncenter\"><a href=\"http:\/\/fegrama.cat\/web\/wp-content\/uploads\/2016\/04\/1erequipEsportColomenc.jpg\"><img loading=\"lazy\" decoding=\"async\" class=\" wp-image-16388\" alt=\"1erequipEsportColomenc\" src=\"http:\/\/fegrama.cat\/web\/wp-content\/uploads\/2016\/04\/1erequipEsportColomenc.jpg\" width=\"560\" height=\"420\" \/><\/a><figcaption id=\"caption-attachment-16388\" class=\"wp-caption-text\">1r equip<\/figcaption><\/figure>\n<figure id=\"attachment_16389\" aria-describedby=\"caption-attachment-16389\" style=\"width: 560px\" class=\"wp-caption aligncenter\"><a href=\"http:\/\/fegrama.cat\/web\/wp-content\/uploads\/2016\/04\/VeteransEsportColomenc.jpg\"><img loading=\"lazy\" decoding=\"async\" class=\" wp-image-16389\" alt=\"VeteransEsportColomenc\" src=\"http:\/\/fegrama.cat\/web\/wp-content\/uploads\/2016\/04\/VeteransEsportColomenc.jpg\" width=\"560\" height=\"420\" \/><\/a><figcaption id=\"caption-attachment-16389\" class=\"wp-caption-text\">Veterans<\/figcaption><\/figure>\n<p>Es van lliurar els premis als campions d&#8217;Espanya, Catalunya i Internacionals, hi va haver homenatges per Traject\u00f2ria Esportiva i Mencions Especials al Treball per Promoci\u00f3 i Difusi\u00f3 de l&#8217;esport a la ciutat. A m\u00e9s es van lliurar per primera vegada en la hist\u00f2ria els premis de Millor Entitat Colomenca i Millor Esportista Masculina i Femenina de l&#8217;any, premis que els clubs de la ciutat van triar votant.<\/p>\n<p style=\"text-align: center;\"><a href=\"http:\/\/fegrama.cat\/web\/wp-content\/uploads\/2016\/04\/fegesportcollomec.jpg\"><img loading=\"lazy\" decoding=\"async\" class=\"aligncenter  wp-image-16391\" alt=\"fegesportcollomec\" src=\"http:\/\/fegrama.cat\/web\/wp-content\/uploads\/2016\/04\/fegesportcollomec.jpg\" width=\"560\" height=\"420\" srcset=\"http:\/\/fegrama.cat\/web\/wp-content\/uploads\/2016\/04\/fegesportcollomec.jpg 800w, http:\/\/fegrama.cat\/web\/wp-content\/uploads\/2016\/04\/fegesportcollomec-300x225.jpg 300w\" sizes=\"auto, (max-width: 560px) 100vw, 560px\" \/><\/a><\/p>\n<p>El jueves 28 de abril en el Teatro Sagarra se celebr\u00f3 la <strong>1\u00aa Gala de l&#8217;Esport Colomenc<\/strong>, que toma el relevo de los Guardons de l&#8217;Esport Colomenc introduciendo varios cambios pero con el mismo esp\u00edritu de siempre. Una gala para fomentar el deporte de nuestra ciudad y premiar\u00a0el trabajo y los logros de las entidades, deportistas y personas vinculadas al deporte de Santa Coloma.<\/p>\n<p>Un a\u00f1o m\u00e1s la<strong> Fundaci\u00f3 Esportiva Grama<\/strong> estuvo representada en este importante acto. Esta vez en la secci\u00f3n de Campeones de Catalunya el <strong>primer equipo<\/strong> del club subi\u00f3 a recoger su premio por el Campeonato de Liga y Ascenso a 3\u00aa Catalana de la temporada pasada, y los <strong>veteranos<\/strong> por su Campeonato de Liga del a\u00f1o pasado.<\/p>\n<figure id=\"attachment_16388\" aria-describedby=\"caption-attachment-16388\" style=\"width: 560px\" class=\"wp-caption aligncenter\"><a href=\"http:\/\/fegrama.cat\/web\/wp-content\/uploads\/2016\/04\/1erequipEsportColomenc.jpg\"><img loading=\"lazy\" decoding=\"async\" class=\" wp-image-16388\" alt=\"1erequipEsportColomenc\" src=\"http:\/\/fegrama.cat\/web\/wp-content\/uploads\/2016\/04\/1erequipEsportColomenc.jpg\" width=\"560\" height=\"420\" \/><\/a><figcaption id=\"caption-attachment-16388\" class=\"wp-caption-text\">1r equip<\/figcaption><\/figure>\n<figure id=\"attachment_16389\" aria-describedby=\"caption-attachment-16389\" style=\"width: 560px\" class=\"wp-caption aligncenter\"><a href=\"http:\/\/fegrama.cat\/web\/wp-content\/uploads\/2016\/04\/VeteransEsportColomenc.jpg\"><img loading=\"lazy\" decoding=\"async\" class=\" wp-image-16389\" alt=\"VeteransEsportColomenc\" src=\"http:\/\/fegrama.cat\/web\/wp-content\/uploads\/2016\/04\/VeteransEsportColomenc.jpg\" width=\"560\" height=\"420\" \/><\/a><figcaption id=\"caption-attachment-16389\" class=\"wp-caption-text\">Veterans.<\/figcaption><\/figure>\n<p style=\"text-align: left;\">Se entregaron los premios a los campeones de Espa\u00f1a, Catalunya e Internacionales, hubo homenajes por Trayectoria Deportiva y Menciones Especiales al Trabajo por Promoci\u00f3n y Difusi\u00f3n del deporte en la ciudad. Adem\u00e1s se entregaron por primera vez en la historia los premios de Mejor Entidad Colomense y Mejor Deportista Masculina y Femenina del a\u00f1o, premios que los clubes de la ciudad eligieron votando.<\/p>\n","protected":false},"excerpt":{"rendered":"<p>El dijous 28 d&#8217;abril al Teatre Sagarra es va celebrar la 1\u00aa Gala de l&#8217;Esport Colomenc, que pren el relleu dels Guardons de l&#8217;Esport Colomenc introdu\u00eft diversos canvis per\u00f2 amb el mateix esperit de sempre. Una gala per fomentar l&#8217;esport de la nostra ciutat i premiar el treball i els \u00e8xits de les entitats, esportistes [&hellip;]<\/p>\n","protected":false},"author":1,"featured_media":16390,"comment_status":"closed","ping_status":"closed","sticky":false,"template":"","format":"standard","meta":{"footnotes":""},"categories":[14],"tags":[],"class_list":["post-16387","post","type-post","status-publish","format-standard","has-post-thumbnail","hentry","category-noticies"],"_links":{"self":[{"href":"http:\/\/fegrama.cat\/web\/wp-json\/wp\/v2\/posts\/16387","targetHints":{"allow":["GET"]}}],"collection":[{"href":"http:\/\/fegrama.cat\/web\/wp-json\/wp\/v2\/posts"}],"about":[{"href":"http:\/\/fegrama.cat\/web\/wp-json\/wp\/v2\/types\/post"}],"author":[{"embeddable":true,"href":"http:\/\/fegrama.cat\/web\/wp-json\/wp\/v2\/users\/1"}],"replies":[{"embeddable":true,"href":"http:\/\/fegrama.cat\/web\/wp-json\/wp\/v2\/comments?post=16387"}],"version-history":[{"count":2,"href":"http:\/\/fegrama.cat\/web\/wp-json\/wp\/v2\/posts\/16387\/revisions"}],"predecessor-version":[{"id":16393,"href":"http:\/\/fegrama.cat\/web\/wp-json\/wp\/v2\/posts\/16387\/revisions\/16393"}],"wp:featuredmedia":[{"embeddable":true,"href":"http:\/\/fegrama.cat\/web\/wp-json\/wp\/v2\/media\/16390"}],"wp:attachment":[{"href":"http:\/\/fegrama.cat\/web\/wp-json\/wp\/v2\/media?parent=16387"}],"wp:term":[{"taxonomy":"category","embeddable":true,"href":"http:\/\/fegrama.cat\/web\/wp-json\/wp\/v2\/categories?post=16387"},{"taxonomy":"post_tag","embeddable":true,"href":"http:\/\/fegrama.cat\/web\/wp-json\/wp\/v2\/tags?post=16387"}],"curies":[{"name":"wp","href":"https:\/\/api.w.org\/{rel}","templated":true}]}}