{"id":16369,"date":"2016-04-29T09:18:20","date_gmt":"2016-04-29T08:18:20","guid":{"rendered":"http:\/\/fegrama.cat\/web\/?p=16369"},"modified":"2016-04-29T09:18:20","modified_gmt":"2016-04-29T08:18:20","slug":"els-tres-equips-femenins-juguen-dissabte-a-casa-30-dabril","status":"publish","type":"post","link":"http:\/\/fegrama.cat\/web\/els-tres-equips-femenins-juguen-dissabte-a-casa-30-dabril\/","title":{"rendered":"Els tres equips femenins juguen dissabte a casa (30 d\u2019abril)"},"content":{"rendered":"<p><a href=\"http:\/\/fegrama.cat\/web\/wp-content\/uploads\/2013\/12\/DSC1812.jpg\"><img loading=\"lazy\" decoding=\"async\" class=\"aligncenter\" alt=\"Juvenil-Cadet 1516\" src=\"http:\/\/fegrama.cat\/web\/wp-content\/uploads\/2013\/12\/DSC1812-1024x664.jpg\" width=\"618\" height=\"400\" \/><\/a><\/p>\n<p><strong>JUVENIL-CADET<\/strong><\/p>\n<p>L&#8217;equip dirigit per Dani Molina tanca la temporada, un any igual de complicat que ho va ser l&#8217;anterior. Les grans juguen dissabte a les 15:45 hores a Les Oliveres davant el FC Martinenc. Darrera jornada i davant les quartes classificades.<\/p>\n<p>El equipo dirigido por Dani Molina cierra la temporada, un a\u00f1o igual de complicado que lo fue el anterior. Las grandes juegan el s\u00e1bado a las 15:45 horas en Les Oliveres ante el FC Martinenc. \u00daltima jornada y ante las cuartas clasificadas.<\/p>\n<p><a href=\"http:\/\/fegrama.cat\/web\/wp-content\/uploads\/2013\/12\/DSC1852.jpg\"><img loading=\"lazy\" decoding=\"async\" class=\"aligncenter\" alt=\"Infantil-Alev\u00ed 1516\" src=\"http:\/\/fegrama.cat\/web\/wp-content\/uploads\/2013\/12\/DSC1852-1024x664.jpg\" width=\"618\" height=\"400\" \/><\/a><\/p>\n<div><strong>INFANTIL-ALEV\u00cd<\/strong><\/div>\n<p>S&#8217;ha acabat la lliga per a les nostres noies que en l&#8217;\u00faltima jornada descansen per la retirada en competici\u00f3 del Badia del Vall\u00e8s. Aix\u00ed que tocar\u00e0 esperar els resultats de les seves dues perseguidores per saber si acaben terceres, quartes o cinquenes. L&#8217;equip de Rub\u00e9n David Hern\u00e1ndez jugar\u00e0 dissabte a les 11:30 hores un amist\u00f3s al Nou Municipal davant l&#8217;Escola Americana de Barcelona.<\/p>\n<p>Se acab\u00f3 la liga para nuestras chicas que en la \u00faltima jornada descansan por la retirada en competici\u00f3n del Badia del Vall\u00e8s. As\u00ed que tocar\u00e1 esperar a los resultados de sus dos perseguidoras para saber si acaban terceras, cuartas o quintas.\u00a0El equipo de Rub\u00e9n David Hern\u00e1ndez jugar\u00e1 el s\u00e1bado a las 11:30 horas un amistoso en el Nou Municipal ante la Escuela Americana de Barcelona.<\/p>\n<p><a href=\"http:\/\/fegrama.cat\/web\/wp-content\/uploads\/2013\/12\/DSC1887.jpg\"><img loading=\"lazy\" decoding=\"async\" class=\"aligncenter\" alt=\"Alev\u00ed-Benjam\u00ed 1516\" src=\"http:\/\/fegrama.cat\/web\/wp-content\/uploads\/2013\/12\/DSC1887-1024x664.jpg\" width=\"618\" height=\"400\" \/><\/a><\/p>\n<p><strong>ALEV\u00cd-BENJAM\u00cd<\/strong><\/p>\n<p>Les noies de Jordi Per\u00e9z tenen partit a Les Oliveres dissabte a les 14:15 hores. Les colomenques s&#8217;enfronten a la UE Centelles, sisenes de la lliga en din\u00e0mica irregular per\u00f2 equip perill\u00f3s a 8 punts de les nostres petites. Important guanyar per seguir lluitant pel tercer lloc.<\/p>\n<p>Las chicas de Jordi Per\u00e9z tienen partido en Les Oliveres el s\u00e1bado a las 14:15 horas. Las colomenses se enfrentan a la UE Centelles, sextas de la liga en din\u00e1mica irregular pero equipo peligroso a 8 puntos de nuestras peque\u00f1as. Importante ganar para seguir peleando por el tercer puesto.<\/p>\n","protected":false},"excerpt":{"rendered":"<p>JUVENIL-CADET L&#8217;equip dirigit per Dani Molina tanca la temporada, un any igual de complicat que ho va ser l&#8217;anterior. Les grans juguen dissabte a les 15:45 hores a Les Oliveres davant el FC Martinenc. Darrera jornada i davant les quartes classificades. El equipo dirigido por Dani Molina cierra la temporada, un a\u00f1o igual de complicado [&hellip;]<\/p>\n","protected":false},"author":1,"featured_media":5701,"comment_status":"closed","ping_status":"closed","sticky":false,"template":"","format":"standard","meta":{"footnotes":""},"categories":[4,13],"tags":[],"class_list":["post-16369","post","type-post","status-publish","format-standard","has-post-thumbnail","hentry","category-base-inclusiu","category-femeni"],"_links":{"self":[{"href":"http:\/\/fegrama.cat\/web\/wp-json\/wp\/v2\/posts\/16369","targetHints":{"allow":["GET"]}}],"collection":[{"href":"http:\/\/fegrama.cat\/web\/wp-json\/wp\/v2\/posts"}],"about":[{"href":"http:\/\/fegrama.cat\/web\/wp-json\/wp\/v2\/types\/post"}],"author":[{"embeddable":true,"href":"http:\/\/fegrama.cat\/web\/wp-json\/wp\/v2\/users\/1"}],"replies":[{"embeddable":true,"href":"http:\/\/fegrama.cat\/web\/wp-json\/wp\/v2\/comments?post=16369"}],"version-history":[{"count":1,"href":"http:\/\/fegrama.cat\/web\/wp-json\/wp\/v2\/posts\/16369\/revisions"}],"predecessor-version":[{"id":16372,"href":"http:\/\/fegrama.cat\/web\/wp-json\/wp\/v2\/posts\/16369\/revisions\/16372"}],"wp:featuredmedia":[{"embeddable":true,"href":"http:\/\/fegrama.cat\/web\/wp-json\/wp\/v2\/media\/5701"}],"wp:attachment":[{"href":"http:\/\/fegrama.cat\/web\/wp-json\/wp\/v2\/media?parent=16369"}],"wp:term":[{"taxonomy":"category","embeddable":true,"href":"http:\/\/fegrama.cat\/web\/wp-json\/wp\/v2\/categories?post=16369"},{"taxonomy":"post_tag","embeddable":true,"href":"http:\/\/fegrama.cat\/web\/wp-json\/wp\/v2\/tags?post=16369"}],"curies":[{"name":"wp","href":"https:\/\/api.w.org\/{rel}","templated":true}]}}