{"id":16361,"date":"2016-04-29T09:07:29","date_gmt":"2016-04-29T08:07:29","guid":{"rendered":"http:\/\/fegrama.cat\/web\/?p=16361"},"modified":"2016-04-29T09:07:29","modified_gmt":"2016-04-29T08:07:29","slug":"previes-dels-equips-benjamins-30-dabril-i-1-de-maig","status":"publish","type":"post","link":"http:\/\/fegrama.cat\/web\/previes-dels-equips-benjamins-30-dabril-i-1-de-maig\/","title":{"rendered":"Pr\u00e8vies dels equips Benjamins (30 d\u2019abril i 1 de maig)"},"content":{"rendered":"<p><a href=\"http:\/\/fegrama.cat\/web\/wp-content\/uploads\/2013\/12\/DSC1889.jpg\"><img loading=\"lazy\" decoding=\"async\" class=\"aligncenter\" alt=\"Benjam\u00ed A 1516\" src=\"http:\/\/fegrama.cat\/web\/wp-content\/uploads\/2013\/12\/DSC1889-1024x664.jpg\" width=\"618\" height=\"400\" \/><\/a><\/p>\n<p><strong>BENJAM\u00cd A<\/strong><\/p>\n<p>Dissabte a les 09:30 hores l&#8217;equip de V\u00edctor D\u00edaz juga al Nou Municipal. Els colomencs s&#8217;enfrontaran al CF Badalona B que \u00e9s un bon equip, perillosos, de meitat de taula. Partit molt bonic per comen\u00e7ar el cap de setmana.<\/p>\n<p>El s\u00e1bado a las 09:30 horas el equipo de V\u00edctor D\u00edaz juega en el Nou Municipal. Los colomenses se enfrentar\u00e1n al CF Badalona B que es un buen equipo, peligrosos, de mitad de tabla. Partido muy bonito para empezar el fin de semana.<\/p>\n<p><a href=\"http:\/\/fegrama.cat\/web\/wp-content\/uploads\/2013\/12\/DSC1893.jpg\"><img loading=\"lazy\" decoding=\"async\" class=\"aligncenter\" alt=\"Benjam\u00ed B 1516\" src=\"http:\/\/fegrama.cat\/web\/wp-content\/uploads\/2013\/12\/DSC1893-1024x664.jpg\" width=\"618\" height=\"400\" \/><\/a><\/p>\n<p><strong>BENJAM\u00cd B<\/strong><\/p>\n<p>L&#8217;equip dirigit per Dani Molina juga dissabte a les 14:45 hores al Municipal del Guinard\u00f3. Els locals, FC Martinenc C, s\u00f3n sisens amb tres punts menys que la Grama, a m\u00e9s acumulen tres vict\u00f2ries consecutives. Gran partit.<\/p>\n<p>El equipo dirigido por Dani Molina juega el s\u00e1bado a las 14:45 horas en el Municipal del Guinard\u00f3. Los locales, FC Martinenc C, son sextos con tres puntos menos que la Grama, adem\u00e1s acumulan tres victorias consecutivas. Partidazo.<\/p>\n<p style=\"text-align: center;\"><a href=\"http:\/\/fegrama.cat\/web\/wp-content\/uploads\/2016\/04\/benjam\u00edccampions1516.jpg\"><img loading=\"lazy\" decoding=\"async\" class=\"aligncenter  wp-image-16268\" alt=\"benjam\u00edccampions1516\" src=\"http:\/\/fegrama.cat\/web\/wp-content\/uploads\/2016\/04\/benjam\u00edccampions1516.jpg\" width=\"560\" height=\"420\" \/><\/a><\/p>\n<div><\/div>\n<div><strong>BENJAM\u00cd C<\/strong><\/div>\n<p>Campions de lliga quedant encara cinc jornades per al final, ara l&#8217;objectiu de l&#8217;equip de Marcos D\u00edaz i Carles Guerrero \u00e9s acabar invictes i amb ple de vict\u00f2ria, de moment 23 de 23. Dissabte a les 12 hores juguen a Badalona davant el CF Unificaci\u00f3 Llefi\u00e0 B, tercer classificat amb 19 punts menys que la Grama. Partit complicat per comen\u00e7ar el tram final del campionat.<\/p>\n<p>Campeones de liga quedando todav\u00eda cinco jornadas para el final, ahora el objetivo del equipo de Marcos D\u00edaz y Carles Guerrero es acabar invictos y con pleno de victoria, de momento 23 de 23. El s\u00e1bado a las 12 horas juegan en Badalona ante el CF Unificaci\u00f3n Llefi\u00e0 B, tercer clasificado con 19 puntos menos que la Grama. Partido complicado para empezar el tramo final del campeonato.<\/p>\n<p><a href=\"http:\/\/fegrama.cat\/web\/wp-content\/uploads\/2013\/12\/DSC1899.jpg\"><img loading=\"lazy\" decoding=\"async\" class=\"aligncenter\" alt=\"Benjam\u00ed D 1516\" src=\"http:\/\/fegrama.cat\/web\/wp-content\/uploads\/2013\/12\/DSC1899-1024x664.jpg\" width=\"618\" height=\"400\" \/><\/a><\/p>\n<p><strong>BENJAM\u00cd D<\/strong><\/p>\n<p>L&#8217;equip de Ra\u00fal Ru\u00edz i Mateo G\u00f3mez jugar\u00e0 dissabte a les 09:30 hores al Nou Municipal de Santa Coloma. La Fundaci\u00f3 s&#8217;enfronta al CF Imperio B, equip irregular de meitat de taula amb sis punts menys que la Grama. Derbi colomenc molt interessant.<\/p>\n<p>El equipo de Ra\u00fal Ru\u00edz y Mateo G\u00f3mez jugar\u00e1 el s\u00e1bado a las 09:30 horas en el Nou Municipal de Santa Coloma. La Fundaci\u00f3 se enfrenta al CF Imperio B, equipo irregular de mitad de tabla con seis puntos menos que la Grama. Derbi colomense muy interesante.<strong><\/strong><\/p>\n<div><a href=\"http:\/\/fegrama.cat\/web\/wp-content\/uploads\/2013\/12\/DSC1902.jpg\"><img loading=\"lazy\" decoding=\"async\" class=\"aligncenter\" alt=\"Benjam\u00ed E 1516\" src=\"http:\/\/fegrama.cat\/web\/wp-content\/uploads\/2013\/12\/DSC1902-1024x664.jpg\" width=\"618\" height=\"400\" \/><\/a><strong><\/strong><\/div>\n<div><strong>BENJAM\u00cd E<\/strong><\/div>\n<p>Dissabte a les 13 hores al Complex Esportiu Can Drag\u00f3 l&#8217;equip de Carles Mart\u00ed t\u00e9 partit. Els locals, Congr\u00e9s CE \u00a0&#8216;B&#8217;, tenen 11 punts menys que els colomencs, s\u00f3n un equip de la part baixa de la classificaci\u00f3.<\/p>\n<p>El s\u00e1bado a las 13 horas en el Complex Esportiu Can Drag\u00f3 el equipo de Carles Mart\u00edn tiene partido. Los locales, Congr\u00e9s CE \u00a0&#8216;B&#8217;, tienen 11 puntos menos que los colomenses, son un equipo de la parte baja de la clasificaci\u00f3n.<\/p>\n<div><a href=\"http:\/\/fegrama.cat\/web\/wp-content\/uploads\/2013\/12\/DSC1906.jpg\"><img loading=\"lazy\" decoding=\"async\" class=\"aligncenter\" alt=\"Benjam\u00ed F 1516\" src=\"http:\/\/fegrama.cat\/web\/wp-content\/uploads\/2013\/12\/DSC1906-1024x664.jpg\" width=\"618\" height=\"400\" \/><\/a><\/div>\n<div><strong>BENJAM\u00cd F<\/strong><\/div>\n<p>Els nois de Aaron Olivares i Johan Steve jugaran dissabte a Les Oliveres a les 12:45 hores. El FC Can Buxeres B ser\u00e0 el rival d&#8217;aquesta jornada, vuitens classificats de la lliga.<\/p>\n<p>Los chicos de Aaron Olivares y Johan Steve jugar\u00e1n el s\u00e1bado en Les Oliveres a las 12:45 horas. El FC Can Buxeres B ser\u00e1 el rival de esta jornada, octavos clasificados de la liga.<\/p>\n","protected":false},"excerpt":{"rendered":"<p>BENJAM\u00cd A Dissabte a les 09:30 hores l&#8217;equip de V\u00edctor D\u00edaz juga al Nou Municipal. Els colomencs s&#8217;enfrontaran al CF Badalona B que \u00e9s un bon equip, perillosos, de meitat de taula. Partit molt bonic per comen\u00e7ar el cap de setmana. El s\u00e1bado a las 09:30 horas el equipo de V\u00edctor D\u00edaz juega en el [&hellip;]<\/p>\n","protected":false},"author":1,"featured_media":0,"comment_status":"closed","ping_status":"closed","sticky":false,"template":"","format":"standard","meta":{"footnotes":""},"categories":[4,11],"tags":[],"class_list":["post-16361","post","type-post","status-publish","format-standard","hentry","category-base-inclusiu","category-benjamins"],"_links":{"self":[{"href":"http:\/\/fegrama.cat\/web\/wp-json\/wp\/v2\/posts\/16361","targetHints":{"allow":["GET"]}}],"collection":[{"href":"http:\/\/fegrama.cat\/web\/wp-json\/wp\/v2\/posts"}],"about":[{"href":"http:\/\/fegrama.cat\/web\/wp-json\/wp\/v2\/types\/post"}],"author":[{"embeddable":true,"href":"http:\/\/fegrama.cat\/web\/wp-json\/wp\/v2\/users\/1"}],"replies":[{"embeddable":true,"href":"http:\/\/fegrama.cat\/web\/wp-json\/wp\/v2\/comments?post=16361"}],"version-history":[{"count":1,"href":"http:\/\/fegrama.cat\/web\/wp-json\/wp\/v2\/posts\/16361\/revisions"}],"predecessor-version":[{"id":16362,"href":"http:\/\/fegrama.cat\/web\/wp-json\/wp\/v2\/posts\/16361\/revisions\/16362"}],"wp:attachment":[{"href":"http:\/\/fegrama.cat\/web\/wp-json\/wp\/v2\/media?parent=16361"}],"wp:term":[{"taxonomy":"category","embeddable":true,"href":"http:\/\/fegrama.cat\/web\/wp-json\/wp\/v2\/categories?post=16361"},{"taxonomy":"post_tag","embeddable":true,"href":"http:\/\/fegrama.cat\/web\/wp-json\/wp\/v2\/tags?post=16361"}],"curies":[{"name":"wp","href":"https:\/\/api.w.org\/{rel}","templated":true}]}}