{"id":16359,"date":"2016-04-29T09:18:33","date_gmt":"2016-04-29T08:18:33","guid":{"rendered":"http:\/\/fegrama.cat\/web\/?p=16359"},"modified":"2016-04-29T09:18:33","modified_gmt":"2016-04-29T08:18:33","slug":"previes-dels-equips-infantils-30-dabril-i-1-de-maig","status":"publish","type":"post","link":"http:\/\/fegrama.cat\/web\/previes-dels-equips-infantils-30-dabril-i-1-de-maig\/","title":{"rendered":"Pr\u00e8vies dels equips Infantils (30 d\u2019abril i 1 de maig)"},"content":{"rendered":"<p><a href=\"http:\/\/fegrama.cat\/web\/wp-content\/uploads\/2013\/12\/DSC1838.jpg\"><img loading=\"lazy\" decoding=\"async\" class=\"aligncenter\" alt=\"Infantil A 1516\" src=\"http:\/\/fegrama.cat\/web\/wp-content\/uploads\/2013\/12\/DSC1838-1024x664.jpg\" width=\"618\" height=\"400\" \/><\/a><\/p>\n<p><strong>INFANTIL A<\/strong><\/p>\n<p>Continuen amb opcions, toca seguir pressionant al l\u00edder i per aix\u00f2 tocar\u00e0 guanyar dissabte a les 09 hores al Municipal La Verneda. El conjunt dirigit per Dani Rosa jugar\u00e0 davant Fund.Priv.CE J\u00fapiter B, cinquens de la lliga en ratxa positiva. Rival complicat.<\/p>\n<p>Contin\u00faan con opciones, toca seguir presionando al l\u00edder y para eso tocar\u00e1 ganar el s\u00e1bado a las 09 horas en el Municipal La Verneda.\u00a0El conjunto dirigido por Dani Rosa jugar\u00e1 ante Fund.Priv.CE J\u00fapiter B, quintos de la liga en racha positiva. Rival complicado.<\/p>\n<p><a href=\"http:\/\/fegrama.cat\/web\/wp-content\/uploads\/2013\/12\/DSC1841.jpg\"><img loading=\"lazy\" decoding=\"async\" class=\"aligncenter\" alt=\"Infantil B 1516\" src=\"http:\/\/fegrama.cat\/web\/wp-content\/uploads\/2013\/12\/DSC1841-1024x664.jpg\" width=\"618\" height=\"400\" \/><\/a><\/p>\n<p><strong>INFANTIL B<\/strong><\/p>\n<p>Els nois d&#8217;Aitor Mezquiriz juguen diumenge a les 14 hores al Nou Municipal. El CF Santa Eul\u00e0lia visitar\u00e0 Santa Coloma en tercera posici\u00f3 lluitant per acabar subcampi\u00f3. Partit molt complicat per a la Grama, necessitat de puntuar.<\/p>\n<p>Los chicos de Aitor Mezquiriz juegan el domingo a las 14 horas en el Nou Municipal. El CF Santa Eul\u00e0lia visitar\u00e1 Santa Coloma en tercera posici\u00f3n luchando por terminar subcampe\u00f3n. Partido muy complicado para la Grama, necesidad de puntuar.<\/p>\n<p><a href=\"http:\/\/fegrama.cat\/web\/wp-content\/uploads\/2013\/12\/DSC1845.jpg\"><img loading=\"lazy\" decoding=\"async\" class=\"aligncenter\" alt=\"Infantil C 1516\" src=\"http:\/\/fegrama.cat\/web\/wp-content\/uploads\/2013\/12\/DSC1845-1024x664.jpg\" width=\"618\" height=\"400\" \/><\/a><\/p>\n<p><strong>INFANTIL C<\/strong><\/p>\n<p>L&#8217;equip dirigit per V\u00edctor Salas i Juan D.S\u00e1nchez t\u00e9 partit dissabte a les 12:45 hores al Municipal d&#8217;Esports de Masnou. Els locals, CD Masnou, s\u00f3n el cinqu\u00e8 classificat amb dos punts menys que la Fundaci\u00f3. Gran partit entre dos equips que lluiten pel tercer lloc de la lliga.<\/p>\n<p>El equipo dirigido por V\u00edctor Salas y\u00a0Juan D.S\u00e1nchez tiene partido el s\u00e1bado a las 12:45 horas en el Municipal d&#8217;Esports de Masnou. Los locales, CD Masnou, son el\u00a0quinto clasificado con dos puntos menos que la Fundaci\u00f3. Partidazo entre dos equipos que luchan por el tercer puesto de la liga.<\/p>\n<div><a href=\"http:\/\/fegrama.cat\/web\/wp-content\/uploads\/2013\/12\/DSC1847.jpg\"><img loading=\"lazy\" decoding=\"async\" class=\"aligncenter\" alt=\"Infantil D 1516\" src=\"http:\/\/fegrama.cat\/web\/wp-content\/uploads\/2013\/12\/DSC1847-1024x664.jpg\" width=\"618\" height=\"400\" \/><\/a><\/div>\n<p><strong>INFANTIL D<\/strong><\/p>\n<p>Els nois d&#8217;Iv\u00e1n Cort\u00e9s i Marc Mart\u00ed jugaran aquesta jornada a Les Oliveres, dissabte a les 17:45 hores. Els colomencs s&#8217;enfrontaran al CD Sant Gabriel D, tercers de la lliga. Partit molt complicat i atractiu.<\/p>\n<p>Los chicos de Iv\u00e1n Cort\u00e9s y Marc Mart\u00ed jugar\u00e1n esta jornada en Les Oliveres, el s\u00e1bado a las 17:45 horas. Los colomenses se enfrentar\u00e1n al CD Sant Gabriel D, terceros de la liga. Partido muy complicado y atractivo.<\/p>\n","protected":false},"excerpt":{"rendered":"<p>INFANTIL A Continuen amb opcions, toca seguir pressionant al l\u00edder i per aix\u00f2 tocar\u00e0 guanyar dissabte a les 09 hores al Municipal La Verneda. El conjunt dirigit per Dani Rosa jugar\u00e0 davant Fund.Priv.CE J\u00fapiter B, cinquens de la lliga en ratxa positiva. Rival complicat. Contin\u00faan con opciones, toca seguir presionando al l\u00edder y para eso [&hellip;]<\/p>\n","protected":false},"author":1,"featured_media":0,"comment_status":"closed","ping_status":"closed","sticky":false,"template":"","format":"standard","meta":{"footnotes":""},"categories":[4,9],"tags":[],"class_list":["post-16359","post","type-post","status-publish","format-standard","hentry","category-base-inclusiu","category-infantils"],"_links":{"self":[{"href":"http:\/\/fegrama.cat\/web\/wp-json\/wp\/v2\/posts\/16359","targetHints":{"allow":["GET"]}}],"collection":[{"href":"http:\/\/fegrama.cat\/web\/wp-json\/wp\/v2\/posts"}],"about":[{"href":"http:\/\/fegrama.cat\/web\/wp-json\/wp\/v2\/types\/post"}],"author":[{"embeddable":true,"href":"http:\/\/fegrama.cat\/web\/wp-json\/wp\/v2\/users\/1"}],"replies":[{"embeddable":true,"href":"http:\/\/fegrama.cat\/web\/wp-json\/wp\/v2\/comments?post=16359"}],"version-history":[{"count":1,"href":"http:\/\/fegrama.cat\/web\/wp-json\/wp\/v2\/posts\/16359\/revisions"}],"predecessor-version":[{"id":16360,"href":"http:\/\/fegrama.cat\/web\/wp-json\/wp\/v2\/posts\/16359\/revisions\/16360"}],"wp:attachment":[{"href":"http:\/\/fegrama.cat\/web\/wp-json\/wp\/v2\/media?parent=16359"}],"wp:term":[{"taxonomy":"category","embeddable":true,"href":"http:\/\/fegrama.cat\/web\/wp-json\/wp\/v2\/categories?post=16359"},{"taxonomy":"post_tag","embeddable":true,"href":"http:\/\/fegrama.cat\/web\/wp-json\/wp\/v2\/tags?post=16359"}],"curies":[{"name":"wp","href":"https:\/\/api.w.org\/{rel}","templated":true}]}}