{"id":16357,"date":"2016-04-29T09:18:44","date_gmt":"2016-04-29T08:18:44","guid":{"rendered":"http:\/\/fegrama.cat\/web\/?p=16357"},"modified":"2016-04-29T09:18:44","modified_gmt":"2016-04-29T08:18:44","slug":"previes-dels-equips-cadets-30-dabril-i-1-de-maig","status":"publish","type":"post","link":"http:\/\/fegrama.cat\/web\/previes-dels-equips-cadets-30-dabril-i-1-de-maig\/","title":{"rendered":"Pr\u00e8vies dels equips Cadets (30 d&#8217;abril i 1 de maig)"},"content":{"rendered":"<p><a href=\"http:\/\/fegrama.cat\/web\/wp-content\/uploads\/2013\/12\/DSC1816.jpg\"><img loading=\"lazy\" decoding=\"async\" class=\"aligncenter\" alt=\"Cadet A 1516\" src=\"http:\/\/fegrama.cat\/web\/wp-content\/uploads\/2013\/12\/DSC1816-1024x664.jpg\" width=\"618\" height=\"400\" \/><\/a><\/p>\n<p><strong>CADET A<\/strong><\/p>\n<p>Toca aixecar-se per seguir amb 4 punts d&#8217;avantatge sobre el segon classificat. L&#8217;equip dirigit per Xavi Garc\u00eda juga diumenge a les 16 hores al Nou Municipal. La Unificaci\u00f3 Llefi\u00e0 B visitar\u00e0 el nostre estadi en desena posici\u00f3, rival irregular i perill\u00f3s.<\/p>\n<p>Toca levantarse para seguir con 4 puntos de ventaja sobre el segundo clasificado. El equipo dirigido por Xavi Garc\u00eda juega el domingo a las 16 horas en el Nou Municipal. La Unificaci\u00f3n Llefi\u00e0 B visitar\u00e1 nuestro estadio en d\u00e9cima posici\u00f3n, rival irregular y peligroso.<\/p>\n<div><a href=\"http:\/\/fegrama.cat\/web\/wp-content\/uploads\/2013\/12\/DSC1817.jpg\"><img loading=\"lazy\" decoding=\"async\" class=\"aligncenter\" alt=\"Cadet B 1516\" src=\"http:\/\/fegrama.cat\/web\/wp-content\/uploads\/2013\/12\/DSC1817-1024x664.jpg\" width=\"618\" height=\"400\" \/><\/a><\/div>\n<p><strong>CADET B<\/strong><\/p>\n<p>Quatre jornades seguides sense guanyar, necessiten trencar la ratxa i ho intentaran fer el dissabte a les 15 hores fora de casa. Els locals, Esportiu Sant Ignasi, s\u00f3n cinquens amb tres punts m\u00e9s que els colomencs. Gran partit entre dos bons equips.<\/p>\n<p>Cuatro jornadas seguidas sin ganar, necesitan romper la racha y lo intentar\u00e1n hacer el s\u00e1bado a las 15 horas fuera de casa. Los locales, Esportiu Sant Ignasi, son quintos con tres puntos m\u00e1s que los colomenses. Partidazo entre dos buenos equipos.<\/p>\n<div>\n<p><a href=\"http:\/\/fegrama.cat\/web\/wp-content\/uploads\/2013\/12\/DSC1823.jpg\"><img loading=\"lazy\" decoding=\"async\" class=\"aligncenter\" alt=\"Cadet C 1516\" src=\"http:\/\/fegrama.cat\/web\/wp-content\/uploads\/2013\/12\/DSC1823-1024x664.jpg\" width=\"618\" height=\"400\" \/><\/a><\/p>\n<\/div>\n<p><strong>CADET C<\/strong><\/p>\n<p>Despr\u00e9s de descansar la setmana passada l&#8217;equip de Xavi Miralles i Joan Fradera tenen davant partit al Municipal Andrade Sant Mart\u00ed. Dissabte a les 18 hores s&#8217;enfrontaran al FC Sant Mart\u00ed-Condal, nov\u00e8 classificat amb dos punts menys que la Grama. Gran partit.<\/p>\n<p>Tras descansar la semana pasada el equipo de Xavi Miralles y Joan Fradera tienen delante partido en el Municipal Andrade Sant Mart\u00ed. El s\u00e1bado a las 18 horas se enfrentar\u00e1n al FC Sant Mart\u00ed-Condal, noveno clasificado con dos puntos menos que la Grama. Gran partido.<\/p>\n<div><a href=\"http:\/\/fegrama.cat\/web\/wp-content\/uploads\/2013\/12\/DSC1826.jpg\"><img loading=\"lazy\" decoding=\"async\" class=\"aligncenter\" alt=\"Cadet D 1516\" src=\"http:\/\/fegrama.cat\/web\/wp-content\/uploads\/2013\/12\/DSC1826-1024x664.jpg\" width=\"618\" height=\"400\" \/><\/a><\/div>\n<p><strong>CADET D<\/strong><\/p>\n<p>A la recerca d&#8217;una altra vict\u00f2ria per seguir amb la ratxa positiva de resultats. Dissabte a les 13:30 hores al Nou Municipal el conjunt dirigit per Luis Mar\u00eda Hernando i Ram\u00f3n Dom\u00ednguez s&#8217;enfrontar\u00e0 al FC Sant Mart\u00ed-Condal B. El rival d&#8217;aquesta jornada es tracta del cinqu\u00e8 classificat, un equip complicat al qual han de guanyar per mantenir la petita avantatge que tenen amb el segon de la lliga.<\/p>\n<p>En busca de otra victoria para seguir con la racha positiva de resultados. El s\u00e1bado a las 13:30 horas en el Nou Municipal el conjunto dirigido por\u00a0Luis Mar\u00eda Hernando y Ram\u00f3n Dom\u00ednguez se enfrentar\u00e1 al\u00a0FC Sant Mart\u00ed-Condal B. El rival de esta jornada se trata del quinto clasificado, un equipo\u00a0complicado al que deben ganar para mantener la peque\u00f1a ventaja que tienen con el segundo de la liga.<\/p>\n","protected":false},"excerpt":{"rendered":"<p>CADET A Toca aixecar-se per seguir amb 4 punts d&#8217;avantatge sobre el segon classificat. L&#8217;equip dirigit per Xavi Garc\u00eda juga diumenge a les 16 hores al Nou Municipal. La Unificaci\u00f3 Llefi\u00e0 B visitar\u00e0 el nostre estadi en desena posici\u00f3, rival irregular i perill\u00f3s. Toca levantarse para seguir con 4 puntos de ventaja sobre el segundo [&hellip;]<\/p>\n","protected":false},"author":1,"featured_media":0,"comment_status":"closed","ping_status":"closed","sticky":false,"template":"","format":"standard","meta":{"footnotes":""},"categories":[4,7],"tags":[],"class_list":["post-16357","post","type-post","status-publish","format-standard","hentry","category-base-inclusiu","category-cadets"],"_links":{"self":[{"href":"http:\/\/fegrama.cat\/web\/wp-json\/wp\/v2\/posts\/16357","targetHints":{"allow":["GET"]}}],"collection":[{"href":"http:\/\/fegrama.cat\/web\/wp-json\/wp\/v2\/posts"}],"about":[{"href":"http:\/\/fegrama.cat\/web\/wp-json\/wp\/v2\/types\/post"}],"author":[{"embeddable":true,"href":"http:\/\/fegrama.cat\/web\/wp-json\/wp\/v2\/users\/1"}],"replies":[{"embeddable":true,"href":"http:\/\/fegrama.cat\/web\/wp-json\/wp\/v2\/comments?post=16357"}],"version-history":[{"count":1,"href":"http:\/\/fegrama.cat\/web\/wp-json\/wp\/v2\/posts\/16357\/revisions"}],"predecessor-version":[{"id":16358,"href":"http:\/\/fegrama.cat\/web\/wp-json\/wp\/v2\/posts\/16357\/revisions\/16358"}],"wp:attachment":[{"href":"http:\/\/fegrama.cat\/web\/wp-json\/wp\/v2\/media?parent=16357"}],"wp:term":[{"taxonomy":"category","embeddable":true,"href":"http:\/\/fegrama.cat\/web\/wp-json\/wp\/v2\/categories?post=16357"},{"taxonomy":"post_tag","embeddable":true,"href":"http:\/\/fegrama.cat\/web\/wp-json\/wp\/v2\/tags?post=16357"}],"curies":[{"name":"wp","href":"https:\/\/api.w.org\/{rel}","templated":true}]}}